{"id":2533,"date":"2026-07-16T19:13:38","date_gmt":"2026-07-16T18:13:38","guid":{"rendered":"https:\/\/innopares.es\/?p=2533"},"modified":"2026-07-16T19:13:38","modified_gmt":"2026-07-16T18:13:38","slug":"innopares-contribuye-al-exito-de-los-webinars-internacionales-del-proyecto-activate-sobre-autodefensa-y-juventud-autista-spectrum-cohesion-inclusion-erasmus-ka2-neurodivergencia-emplea","status":"publish","type":"post","link":"https:\/\/innopares.es\/en\/innopares-contribuye-al-exito-de-los-webinars-internacionales-del-proyecto-activate-sobre-autodefensa-y-juventud-autista-spectrum-cohesion-inclusion-erasmus-ka2-neurodivergencia-emplea\/","title":{"rendered":"INNOPARES contribuye al \u00e9xito de los webinars internacionales del proyecto ACTIVATE sobre autodefensa y juventud autista &#8211; SPECTRUM\u2011COHESION #inclusion #Erasmus+ #KA2 #neurodivergencia #empleabilidad ( Cloned )"},"content":{"rendered":"<p>Hoy queremos poneros al dia sobre\u00a0 <span style=\"color: #0000ff;\"><a style=\"color: #0000ff;\" href=\"https:\/\/cohesionproject.eu\/\" target=\"_blank\" rel=\"noopener\"><strong>SPECTRUM-COHESION &#8211; Inclusi\u00f3n laboral de alumnos con traumas y trastornos neurol\u00f3gicos en el empleo para la cohesi\u00f3n social de los refugiados y las comunidades de acogida<\/strong><\/a><\/span><\/p>\n<p>Desde INNOPARES, hemos colaborado en la difusi\u00f3n y desarrollo de una serie de webinars organizados por IMPACTsci y APVA en el marco del proyecto Erasmus+<a href=\"https:\/\/neuroadvocacy.eu\/predstavujeme-activate-posileni-postaveni-mladeze-s-neurodiverzitou-prostrednictvim-advokacie\/\"> ACTIVATE \u2013 Supporting Autistic Youth to Advocate for Themselves<\/a> (Proyecto n\u00ba 2023-2-MT01-KA220-YOU-000178709).<\/p>\n<p>Las actividades, celebradas entre el 16 y el 20 de junio de 2026, tuvieron como finalidad promover la inclusi\u00f3n, la participaci\u00f3n activa y la capacidad de autodefensa de la juventud autista, abordando aspectos fundamentales relacionados con el empleo, la educaci\u00f3n, la salud y las pol\u00edticas p\u00fablicas.<\/p>\n<p>Hemos desarrollado cuatro webinars tem\u00e1ticos que reunieron a profesionales, representantes de organizaciones, personas autistas, familiares, educadores y otros agentes interesados en la construcci\u00f3n de entornos m\u00e1s inclusivos:<\/p>\n<ul>\n<li>Empleo (16 de junio): 34 participantes<br \/>\nEducaci\u00f3n (18 de junio): 37 participantes<br \/>\nSalud (20 de junio): 14 participantes<br \/>\nPol\u00edticas P\u00fablicas (20 de junio): 17 participantes<\/li>\n<\/ul>\n<p>En conjunto, las actividades contaron con una participaci\u00f3n total de 102 asistentes, reflejando el creciente inter\u00e9s por fomentar la inclusi\u00f3n y el empoderamiento de las personas autistas en distintos \u00e1mbitos de la sociedad.<\/p>\n<p>A trav\u00e9s de estas sesiones se presentaron enfoques pr\u00e1cticos, recursos y experiencias dirigidas a mejorar el apoyo a las personas autistas, especialmente a la juventud, favoreciendo su capacidad para defender sus derechos, expresar sus necesidades y participar activamente en los espacios educativos, laborales y sociales.<\/p>\n<p>La colaboraci\u00f3n entre los proyectos ACTIVATE y SPECTRUM COHESION ha permitido ampliar el alcance de los mensajes relacionados con la neurodiversidad, generando espacios de di\u00e1logo e intercambio entre profesionales y entidades comprometidas con la inclusi\u00f3n.<\/p>\n<p>Todos los participantes completaron satisfactoriamente las actividades previstas y recibieron su correspondiente certificado Youthpass como reconocimiento a su participaci\u00f3n.<\/p>\n<p>Asimismo, con el objetivo de garantizar un mayor acceso a los contenidos, las grabaciones de los webinars fueron compartidas con todas las personas inscritas, alcanzando un total de 107 participantes registrados.<\/p>\n<p>Reforzando el compromiso de INNOPARES con la neurodiversidad<\/p>\n<p>La participaci\u00f3n de INNOPARES en esta iniciativa se enmarca en nuestro compromiso con la promoci\u00f3n de la igualdad de oportunidades, la inclusi\u00f3n social y el reconocimiento de la neurodiversidad en los \u00e1mbitos educativo y laboral.<\/p>\n<p>A trav\u00e9s de proyectos europeos como <span style=\"color: #0000ff;\"><a style=\"color: #0000ff;\" href=\"https:\/\/cohesionproject.eu\/\" target=\"_blank\" rel=\"noopener\"><strong>SPECTRUM-COHESION &#8211; Inclusi\u00f3n laboral de alumnos con traumas y trastornos neurol\u00f3gicos en el empleo para la cohesi\u00f3n social de los refugiados y las comunidades de acogida<\/strong><\/a><\/span>, seguimos trabajando para sensibilizar a organizaciones, instituciones educativas y empresas sobre la importancia de crear entornos accesibles e inclusivos que permitan a todas las personas desarrollar plenamente su potencial.<\/p>\n<p><em>E<span style=\"font-size: 10pt;\">sta actividad ha sido desarrollada en el marco de los proyectos Erasmus+ ACTIVATE (2023-2-MT01-KA220-YOU-000178709) y SPECTRUM COHESION (2023-1-PL01-KA220-HED-000165813), cofinanciados por la Uni\u00f3n Europea. Las opiniones expresadas son responsabilidad exclusiva de sus autores y no reflejan necesariamente las de la Uni\u00f3n Europea ni las de las Agencias Nacionales.<\/span><\/em><\/p>\n<p>&nbsp;<\/p>\n<p>&nbsp;<\/p>\n<p><img decoding=\"async\" class=\"lazyload size-medium wp-image-2397 aligncenter\" src=\"https:\/\/innopares.es\/wp-content\/uploads\/2026\/04\/Cohesion_es-200x300.jpg\" data-orig-src=\"https:\/\/innopares.es\/wp-content\/uploads\/2026\/04\/Cohesion_es-200x300.jpg\" alt=\"\" width=\"200\" height=\"300\" srcset=\"data:image\/svg+xml,%3Csvg%20xmlns%3D%27http%3A%2F%2Fwww.w3.org%2F2000%2Fsvg%27%20width%3D%27200%27%20height%3D%27300%27%20viewBox%3D%270%200%20200%20300%27%3E%3Crect%20width%3D%27200%27%20height%3D%27300%27%20fill-opacity%3D%220%22%2F%3E%3C%2Fsvg%3E\" data-srcset=\"https:\/\/innopares.es\/wp-content\/uploads\/2026\/04\/Cohesion_es-8x12.jpg 8w, https:\/\/innopares.es\/wp-content\/uploads\/2026\/04\/Cohesion_es-200x300.jpg 200w, https:\/\/innopares.es\/wp-content\/uploads\/2026\/04\/Cohesion_es-400x600.jpg 400w, https:\/\/innopares.es\/wp-content\/uploads\/2026\/04\/Cohesion_es-600x900.jpg 600w, https:\/\/innopares.es\/wp-content\/uploads\/2026\/04\/Cohesion_es-683x1024.jpg 683w, https:\/\/innopares.es\/wp-content\/uploads\/2026\/04\/Cohesion_es-768x1152.jpg 768w, https:\/\/innopares.es\/wp-content\/uploads\/2026\/04\/Cohesion_es-800x1200.jpg 800w, https:\/\/innopares.es\/wp-content\/uploads\/2026\/04\/Cohesion_es.jpg 1024w\" data-sizes=\"auto\" data-orig-sizes=\"(max-width: 200px) 100vw, 200px\" \/><\/p>\n<p style=\"text-align: center;\">\n<p style=\"text-align: center;\">","protected":false},"excerpt":{"rendered":"<p>Hoy queremos poneros al dia sobre\u00a0 SPECTRUM-COHESION &#8211; Inclusi\u00f3n laboral de alumnos con traumas y trastornos neurol\u00f3gicos en el empleo  &#8230;<\/p>","protected":false},"author":2,"featured_media":2397,"comment_status":"open","ping_status":"open","sticky":false,"template":"","format":"standard","meta":{"footnotes":""},"categories":[16],"tags":[50,35,48,43,49],"class_list":["post-2533","post","type-post","status-publish","format-standard","has-post-thumbnail","hentry","category-blog","tag-empleabilidad","tag-erasmus","tag-estudiantes","tag-ka2","tag-neurodivergencia"],"yoast_head":"<!-- This site is optimized with the Yoast SEO plugin v28.4 - https:\/\/yoast.com\/product\/yoast-seo-wordpress\/ -->\n<title>INNOPARES contribuye al \u00e9xito de los webinars internacionales del proyecto ACTIVATE sobre autodefensa y juventud autista - SPECTRUM\u2011COHESION #inclusion #Erasmus+ #KA2 #neurodivergencia #empleabilidad ( Cloned ) - Innopares<\/title>\n<meta name=\"robots\" content=\"index, follow, max-snippet:-1, max-image-preview:large, max-video-preview:-1\" \/>\n<link rel=\"canonical\" href=\"https:\/\/innopares.es\/en\/innopares-contribuye-al-exito-de-los-webinars-internacionales-del-proyecto-activate-sobre-autodefensa-y-juventud-autista-spectrum-cohesion-inclusion-erasmus-ka2-neurodivergencia-emplea\/\" \/>\n<meta property=\"og:locale\" content=\"en_GB\" \/>\n<meta property=\"og:type\" content=\"article\" \/>\n<meta property=\"og:title\" content=\"INNOPARES contribuye al \u00e9xito de los webinars internacionales del proyecto ACTIVATE sobre autodefensa y juventud autista - SPECTRUM\u2011COHESION #inclusion #Erasmus+ #KA2 #neurodivergencia #empleabilidad ( Cloned ) - Innopares\" \/>\n<meta property=\"og:description\" content=\"Hoy queremos poneros al dia sobre\u00a0 SPECTRUM-COHESION &#8211; Inclusi\u00f3n laboral de alumnos con traumas y trastornos neurol\u00f3gicos en el empleo ...\" \/>\n<meta property=\"og:url\" content=\"https:\/\/innopares.es\/en\/innopares-contribuye-al-exito-de-los-webinars-internacionales-del-proyecto-activate-sobre-autodefensa-y-juventud-autista-spectrum-cohesion-inclusion-erasmus-ka2-neurodivergencia-emplea\/\" \/>\n<meta property=\"og:site_name\" content=\"Innopares\" \/>\n<meta property=\"article:publisher\" content=\"https:\/\/www.facebook.com\/profile.php?id=100089595585275\" \/>\n<meta property=\"article:published_time\" content=\"2026-07-16T18:13:38+00:00\" \/>\n<meta property=\"og:image\" content=\"https:\/\/innopares.es\/wp-content\/uploads\/2026\/04\/Cohesion_es.jpg\" \/>\n\t<meta property=\"og:image:width\" content=\"1024\" \/>\n\t<meta property=\"og:image:height\" content=\"1536\" \/>\n\t<meta property=\"og:image:type\" content=\"image\/jpeg\" \/>\n<meta name=\"author\" content=\"Innopares\" \/>\n<meta name=\"twitter:card\" content=\"summary_large_image\" \/>\n<meta name=\"twitter:label1\" content=\"Written by\" \/>\n\t<meta name=\"twitter:data1\" content=\"Innopares\" \/>\n\t<meta name=\"twitter:label2\" content=\"Estimated reading time\" \/>\n\t<meta name=\"twitter:data2\" content=\"3 minutes\" \/>\n<script type=\"application\/ld+json\" class=\"yoast-schema-graph\">{\"@context\":\"https:\\\/\\\/schema.org\",\"@graph\":[{\"@type\":\"Article\",\"@id\":\"https:\\\/\\\/innopares.es\\\/innopares-contribuye-al-exito-de-los-webinars-internacionales-del-proyecto-activate-sobre-autodefensa-y-juventud-autista-spectrum-cohesion-inclusion-erasmus-ka2-neurodivergencia-emplea\\\/#article\",\"isPartOf\":{\"@id\":\"https:\\\/\\\/innopares.es\\\/innopares-contribuye-al-exito-de-los-webinars-internacionales-del-proyecto-activate-sobre-autodefensa-y-juventud-autista-spectrum-cohesion-inclusion-erasmus-ka2-neurodivergencia-emplea\\\/\"},\"author\":{\"name\":\"Innopares\",\"@id\":\"https:\\\/\\\/innopares.es\\\/#\\\/schema\\\/person\\\/305207ba88acc266b4c83801547117d5\"},\"headline\":\"INNOPARES contribuye al \u00e9xito de los webinars internacionales del proyecto ACTIVATE sobre autodefensa y juventud autista &#8211; SPECTRUM\u2011COHESION #inclusion #Erasmus+ #KA2 #neurodivergencia #empleabilidad ( Cloned )\",\"datePublished\":\"2026-07-16T18:13:38+00:00\",\"mainEntityOfPage\":{\"@id\":\"https:\\\/\\\/innopares.es\\\/innopares-contribuye-al-exito-de-los-webinars-internacionales-del-proyecto-activate-sobre-autodefensa-y-juventud-autista-spectrum-cohesion-inclusion-erasmus-ka2-neurodivergencia-emplea\\\/\"},\"wordCount\":536,\"commentCount\":0,\"publisher\":{\"@id\":\"https:\\\/\\\/innopares.es\\\/#organization\"},\"image\":{\"@id\":\"https:\\\/\\\/innopares.es\\\/innopares-contribuye-al-exito-de-los-webinars-internacionales-del-proyecto-activate-sobre-autodefensa-y-juventud-autista-spectrum-cohesion-inclusion-erasmus-ka2-neurodivergencia-emplea\\\/#primaryimage\"},\"thumbnailUrl\":\"https:\\\/\\\/innopares.es\\\/wp-content\\\/uploads\\\/2026\\\/04\\\/Cohesion_es.jpg\",\"keywords\":[\"empleabilidad\",\"Erasmus+\",\"estudiantes\",\"KA2\",\"neurodivergencia\"],\"articleSection\":[\"Blog\"],\"inLanguage\":\"en-GB\",\"potentialAction\":[{\"@type\":\"CommentAction\",\"name\":\"Comment\",\"target\":[\"https:\\\/\\\/innopares.es\\\/innopares-contribuye-al-exito-de-los-webinars-internacionales-del-proyecto-activate-sobre-autodefensa-y-juventud-autista-spectrum-cohesion-inclusion-erasmus-ka2-neurodivergencia-emplea\\\/#respond\"]}]},{\"@type\":\"WebPage\",\"@id\":\"https:\\\/\\\/innopares.es\\\/innopares-contribuye-al-exito-de-los-webinars-internacionales-del-proyecto-activate-sobre-autodefensa-y-juventud-autista-spectrum-cohesion-inclusion-erasmus-ka2-neurodivergencia-emplea\\\/\",\"url\":\"https:\\\/\\\/innopares.es\\\/innopares-contribuye-al-exito-de-los-webinars-internacionales-del-proyecto-activate-sobre-autodefensa-y-juventud-autista-spectrum-cohesion-inclusion-erasmus-ka2-neurodivergencia-emplea\\\/\",\"name\":\"INNOPARES contribuye al \u00e9xito de los webinars internacionales del proyecto ACTIVATE sobre autodefensa y juventud autista - SPECTRUM\u2011COHESION #inclusion #Erasmus+ #KA2 #neurodivergencia #empleabilidad ( Cloned ) - Innopares\",\"isPartOf\":{\"@id\":\"https:\\\/\\\/innopares.es\\\/#website\"},\"primaryImageOfPage\":{\"@id\":\"https:\\\/\\\/innopares.es\\\/innopares-contribuye-al-exito-de-los-webinars-internacionales-del-proyecto-activate-sobre-autodefensa-y-juventud-autista-spectrum-cohesion-inclusion-erasmus-ka2-neurodivergencia-emplea\\\/#primaryimage\"},\"image\":{\"@id\":\"https:\\\/\\\/innopares.es\\\/innopares-contribuye-al-exito-de-los-webinars-internacionales-del-proyecto-activate-sobre-autodefensa-y-juventud-autista-spectrum-cohesion-inclusion-erasmus-ka2-neurodivergencia-emplea\\\/#primaryimage\"},\"thumbnailUrl\":\"https:\\\/\\\/innopares.es\\\/wp-content\\\/uploads\\\/2026\\\/04\\\/Cohesion_es.jpg\",\"datePublished\":\"2026-07-16T18:13:38+00:00\",\"breadcrumb\":{\"@id\":\"https:\\\/\\\/innopares.es\\\/innopares-contribuye-al-exito-de-los-webinars-internacionales-del-proyecto-activate-sobre-autodefensa-y-juventud-autista-spectrum-cohesion-inclusion-erasmus-ka2-neurodivergencia-emplea\\\/#breadcrumb\"},\"inLanguage\":\"en-GB\",\"potentialAction\":[{\"@type\":\"ReadAction\",\"target\":[\"https:\\\/\\\/innopares.es\\\/innopares-contribuye-al-exito-de-los-webinars-internacionales-del-proyecto-activate-sobre-autodefensa-y-juventud-autista-spectrum-cohesion-inclusion-erasmus-ka2-neurodivergencia-emplea\\\/\"]}]},{\"@type\":\"ImageObject\",\"inLanguage\":\"en-GB\",\"@id\":\"https:\\\/\\\/innopares.es\\\/innopares-contribuye-al-exito-de-los-webinars-internacionales-del-proyecto-activate-sobre-autodefensa-y-juventud-autista-spectrum-cohesion-inclusion-erasmus-ka2-neurodivergencia-emplea\\\/#primaryimage\",\"url\":\"https:\\\/\\\/innopares.es\\\/wp-content\\\/uploads\\\/2026\\\/04\\\/Cohesion_es.jpg\",\"contentUrl\":\"https:\\\/\\\/innopares.es\\\/wp-content\\\/uploads\\\/2026\\\/04\\\/Cohesion_es.jpg\",\"width\":1024,\"height\":1536},{\"@type\":\"BreadcrumbList\",\"@id\":\"https:\\\/\\\/innopares.es\\\/innopares-contribuye-al-exito-de-los-webinars-internacionales-del-proyecto-activate-sobre-autodefensa-y-juventud-autista-spectrum-cohesion-inclusion-erasmus-ka2-neurodivergencia-emplea\\\/#breadcrumb\",\"itemListElement\":[{\"@type\":\"ListItem\",\"position\":1,\"name\":\"Portada\",\"item\":\"https:\\\/\\\/innopares.es\\\/\"},{\"@type\":\"ListItem\",\"position\":2,\"name\":\"INNOPARES contribuye al \u00e9xito de los webinars internacionales del proyecto ACTIVATE sobre autodefensa y juventud autista &#8211; SPECTRUM\u2011COHESION #inclusion #Erasmus+ #KA2 #neurodivergencia #empleabilidad ( Cloned )\"}]},{\"@type\":\"WebSite\",\"@id\":\"https:\\\/\\\/innopares.es\\\/#website\",\"url\":\"https:\\\/\\\/innopares.es\\\/\",\"name\":\"Innopares\",\"description\":\"Gesti\u00f3n de proyectos de innovaci\u00f3n\",\"publisher\":{\"@id\":\"https:\\\/\\\/innopares.es\\\/#organization\"},\"alternateName\":\"Innopares\",\"potentialAction\":[{\"@type\":\"SearchAction\",\"target\":{\"@type\":\"EntryPoint\",\"urlTemplate\":\"https:\\\/\\\/innopares.es\\\/?s={search_term_string}\"},\"query-input\":{\"@type\":\"PropertyValueSpecification\",\"valueRequired\":true,\"valueName\":\"search_term_string\"}}],\"inLanguage\":\"en-GB\"},{\"@type\":\"Organization\",\"@id\":\"https:\\\/\\\/innopares.es\\\/#organization\",\"name\":\"Innopares\",\"alternateName\":\"Innopares\",\"url\":\"https:\\\/\\\/innopares.es\\\/\",\"logo\":{\"@type\":\"ImageObject\",\"inLanguage\":\"en-GB\",\"@id\":\"https:\\\/\\\/innopares.es\\\/#\\\/schema\\\/logo\\\/image\\\/\",\"url\":\"https:\\\/\\\/innopares.es\\\/wp-content\\\/uploads\\\/2023\\\/01\\\/logoINNOPARES.svg\",\"contentUrl\":\"https:\\\/\\\/innopares.es\\\/wp-content\\\/uploads\\\/2023\\\/01\\\/logoINNOPARES.svg\",\"width\":375,\"height\":374,\"caption\":\"Innopares\"},\"image\":{\"@id\":\"https:\\\/\\\/innopares.es\\\/#\\\/schema\\\/logo\\\/image\\\/\"},\"sameAs\":[\"https:\\\/\\\/www.facebook.com\\\/profile.php?id=100089595585275\",\"https:\\\/\\\/www.instagram.com\\\/innopares_es\\\/\",\"https:\\\/\\\/www.linkedin.com\\\/company\\\/innopares\\\/\"]},{\"@type\":\"Person\",\"@id\":\"https:\\\/\\\/innopares.es\\\/#\\\/schema\\\/person\\\/305207ba88acc266b4c83801547117d5\",\"name\":\"Innopares\",\"image\":{\"@type\":\"ImageObject\",\"inLanguage\":\"en-GB\",\"@id\":\"https:\\\/\\\/secure.gravatar.com\\\/avatar\\\/e8286ca778ea4f9cc01aa305bcf65f72432e2dbddfaa340e7a569f7669ac523b?s=96&d=mm&r=g\",\"url\":\"https:\\\/\\\/secure.gravatar.com\\\/avatar\\\/e8286ca778ea4f9cc01aa305bcf65f72432e2dbddfaa340e7a569f7669ac523b?s=96&d=mm&r=g\",\"contentUrl\":\"https:\\\/\\\/secure.gravatar.com\\\/avatar\\\/e8286ca778ea4f9cc01aa305bcf65f72432e2dbddfaa340e7a569f7669ac523b?s=96&d=mm&r=g\",\"caption\":\"Innopares\"},\"sameAs\":[\"https:\\\/\\\/innopares.es\\\/\"],\"url\":\"https:\\\/\\\/innopares.es\\\/en\\\/author\\\/innopares\\\/\"}]}<\/script>\n<!-- \/ Yoast SEO plugin. -->","yoast_head_json":{"title":"INNOPARES contribuye al \u00e9xito de los webinars internacionales del proyecto ACTIVATE sobre autodefensa y juventud autista - SPECTRUM\u2011COHESION #inclusion #Erasmus+ #KA2 #neurodivergencia #empleabilidad ( Cloned ) - Innopares","robots":{"index":"index","follow":"follow","max-snippet":"max-snippet:-1","max-image-preview":"max-image-preview:large","max-video-preview":"max-video-preview:-1"},"canonical":"https:\/\/innopares.es\/en\/innopares-contribuye-al-exito-de-los-webinars-internacionales-del-proyecto-activate-sobre-autodefensa-y-juventud-autista-spectrum-cohesion-inclusion-erasmus-ka2-neurodivergencia-emplea\/","og_locale":"en_GB","og_type":"article","og_title":"INNOPARES contribuye al \u00e9xito de los webinars internacionales del proyecto ACTIVATE sobre autodefensa y juventud autista - SPECTRUM\u2011COHESION #inclusion #Erasmus+ #KA2 #neurodivergencia #empleabilidad ( Cloned ) - Innopares","og_description":"Hoy queremos poneros al dia sobre\u00a0 SPECTRUM-COHESION &#8211; Inclusi\u00f3n laboral de alumnos con traumas y trastornos neurol\u00f3gicos en el empleo ...","og_url":"https:\/\/innopares.es\/en\/innopares-contribuye-al-exito-de-los-webinars-internacionales-del-proyecto-activate-sobre-autodefensa-y-juventud-autista-spectrum-cohesion-inclusion-erasmus-ka2-neurodivergencia-emplea\/","og_site_name":"Innopares","article_publisher":"https:\/\/www.facebook.com\/profile.php?id=100089595585275","article_published_time":"2026-07-16T18:13:38+00:00","og_image":[{"width":1024,"height":1536,"url":"https:\/\/innopares.es\/wp-content\/uploads\/2026\/04\/Cohesion_es.jpg","type":"image\/jpeg"}],"author":"Innopares","twitter_card":"summary_large_image","twitter_misc":{"Written by":"Innopares","Estimated reading time":"3 minutes"},"schema":{"@context":"https:\/\/schema.org","@graph":[{"@type":"Article","@id":"https:\/\/innopares.es\/innopares-contribuye-al-exito-de-los-webinars-internacionales-del-proyecto-activate-sobre-autodefensa-y-juventud-autista-spectrum-cohesion-inclusion-erasmus-ka2-neurodivergencia-emplea\/#article","isPartOf":{"@id":"https:\/\/innopares.es\/innopares-contribuye-al-exito-de-los-webinars-internacionales-del-proyecto-activate-sobre-autodefensa-y-juventud-autista-spectrum-cohesion-inclusion-erasmus-ka2-neurodivergencia-emplea\/"},"author":{"name":"Innopares","@id":"https:\/\/innopares.es\/#\/schema\/person\/305207ba88acc266b4c83801547117d5"},"headline":"INNOPARES contribuye al \u00e9xito de los webinars internacionales del proyecto ACTIVATE sobre autodefensa y juventud autista &#8211; SPECTRUM\u2011COHESION #inclusion #Erasmus+ #KA2 #neurodivergencia #empleabilidad ( Cloned )","datePublished":"2026-07-16T18:13:38+00:00","mainEntityOfPage":{"@id":"https:\/\/innopares.es\/innopares-contribuye-al-exito-de-los-webinars-internacionales-del-proyecto-activate-sobre-autodefensa-y-juventud-autista-spectrum-cohesion-inclusion-erasmus-ka2-neurodivergencia-emplea\/"},"wordCount":536,"commentCount":0,"publisher":{"@id":"https:\/\/innopares.es\/#organization"},"image":{"@id":"https:\/\/innopares.es\/innopares-contribuye-al-exito-de-los-webinars-internacionales-del-proyecto-activate-sobre-autodefensa-y-juventud-autista-spectrum-cohesion-inclusion-erasmus-ka2-neurodivergencia-emplea\/#primaryimage"},"thumbnailUrl":"https:\/\/innopares.es\/wp-content\/uploads\/2026\/04\/Cohesion_es.jpg","keywords":["empleabilidad","Erasmus+","estudiantes","KA2","neurodivergencia"],"articleSection":["Blog"],"inLanguage":"en-GB","potentialAction":[{"@type":"CommentAction","name":"Comment","target":["https:\/\/innopares.es\/innopares-contribuye-al-exito-de-los-webinars-internacionales-del-proyecto-activate-sobre-autodefensa-y-juventud-autista-spectrum-cohesion-inclusion-erasmus-ka2-neurodivergencia-emplea\/#respond"]}]},{"@type":"WebPage","@id":"https:\/\/innopares.es\/innopares-contribuye-al-exito-de-los-webinars-internacionales-del-proyecto-activate-sobre-autodefensa-y-juventud-autista-spectrum-cohesion-inclusion-erasmus-ka2-neurodivergencia-emplea\/","url":"https:\/\/innopares.es\/innopares-contribuye-al-exito-de-los-webinars-internacionales-del-proyecto-activate-sobre-autodefensa-y-juventud-autista-spectrum-cohesion-inclusion-erasmus-ka2-neurodivergencia-emplea\/","name":"INNOPARES contribuye al \u00e9xito de los webinars internacionales del proyecto ACTIVATE sobre autodefensa y juventud autista - SPECTRUM\u2011COHESION #inclusion #Erasmus+ #KA2 #neurodivergencia #empleabilidad ( Cloned ) - Innopares","isPartOf":{"@id":"https:\/\/innopares.es\/#website"},"primaryImageOfPage":{"@id":"https:\/\/innopares.es\/innopares-contribuye-al-exito-de-los-webinars-internacionales-del-proyecto-activate-sobre-autodefensa-y-juventud-autista-spectrum-cohesion-inclusion-erasmus-ka2-neurodivergencia-emplea\/#primaryimage"},"image":{"@id":"https:\/\/innopares.es\/innopares-contribuye-al-exito-de-los-webinars-internacionales-del-proyecto-activate-sobre-autodefensa-y-juventud-autista-spectrum-cohesion-inclusion-erasmus-ka2-neurodivergencia-emplea\/#primaryimage"},"thumbnailUrl":"https:\/\/innopares.es\/wp-content\/uploads\/2026\/04\/Cohesion_es.jpg","datePublished":"2026-07-16T18:13:38+00:00","breadcrumb":{"@id":"https:\/\/innopares.es\/innopares-contribuye-al-exito-de-los-webinars-internacionales-del-proyecto-activate-sobre-autodefensa-y-juventud-autista-spectrum-cohesion-inclusion-erasmus-ka2-neurodivergencia-emplea\/#breadcrumb"},"inLanguage":"en-GB","potentialAction":[{"@type":"ReadAction","target":["https:\/\/innopares.es\/innopares-contribuye-al-exito-de-los-webinars-internacionales-del-proyecto-activate-sobre-autodefensa-y-juventud-autista-spectrum-cohesion-inclusion-erasmus-ka2-neurodivergencia-emplea\/"]}]},{"@type":"ImageObject","inLanguage":"en-GB","@id":"https:\/\/innopares.es\/innopares-contribuye-al-exito-de-los-webinars-internacionales-del-proyecto-activate-sobre-autodefensa-y-juventud-autista-spectrum-cohesion-inclusion-erasmus-ka2-neurodivergencia-emplea\/#primaryimage","url":"https:\/\/innopares.es\/wp-content\/uploads\/2026\/04\/Cohesion_es.jpg","contentUrl":"https:\/\/innopares.es\/wp-content\/uploads\/2026\/04\/Cohesion_es.jpg","width":1024,"height":1536},{"@type":"BreadcrumbList","@id":"https:\/\/innopares.es\/innopares-contribuye-al-exito-de-los-webinars-internacionales-del-proyecto-activate-sobre-autodefensa-y-juventud-autista-spectrum-cohesion-inclusion-erasmus-ka2-neurodivergencia-emplea\/#breadcrumb","itemListElement":[{"@type":"ListItem","position":1,"name":"Portada","item":"https:\/\/innopares.es\/"},{"@type":"ListItem","position":2,"name":"INNOPARES contribuye al \u00e9xito de los webinars internacionales del proyecto ACTIVATE sobre autodefensa y juventud autista &#8211; SPECTRUM\u2011COHESION #inclusion #Erasmus+ #KA2 #neurodivergencia #empleabilidad ( Cloned )"}]},{"@type":"WebSite","@id":"https:\/\/innopares.es\/#website","url":"https:\/\/innopares.es\/","name":"Innopares","description":"Gesti\u00f3n de proyectos de innovaci\u00f3n","publisher":{"@id":"https:\/\/innopares.es\/#organization"},"alternateName":"Innopares","potentialAction":[{"@type":"SearchAction","target":{"@type":"EntryPoint","urlTemplate":"https:\/\/innopares.es\/?s={search_term_string}"},"query-input":{"@type":"PropertyValueSpecification","valueRequired":true,"valueName":"search_term_string"}}],"inLanguage":"en-GB"},{"@type":"Organization","@id":"https:\/\/innopares.es\/#organization","name":"Innopares","alternateName":"Innopares","url":"https:\/\/innopares.es\/","logo":{"@type":"ImageObject","inLanguage":"en-GB","@id":"https:\/\/innopares.es\/#\/schema\/logo\/image\/","url":"https:\/\/innopares.es\/wp-content\/uploads\/2023\/01\/logoINNOPARES.svg","contentUrl":"https:\/\/innopares.es\/wp-content\/uploads\/2023\/01\/logoINNOPARES.svg","width":375,"height":374,"caption":"Innopares"},"image":{"@id":"https:\/\/innopares.es\/#\/schema\/logo\/image\/"},"sameAs":["https:\/\/www.facebook.com\/profile.php?id=100089595585275","https:\/\/www.instagram.com\/innopares_es\/","https:\/\/www.linkedin.com\/company\/innopares\/"]},{"@type":"Person","@id":"https:\/\/innopares.es\/#\/schema\/person\/305207ba88acc266b4c83801547117d5","name":"Innopares","image":{"@type":"ImageObject","inLanguage":"en-GB","@id":"https:\/\/secure.gravatar.com\/avatar\/e8286ca778ea4f9cc01aa305bcf65f72432e2dbddfaa340e7a569f7669ac523b?s=96&d=mm&r=g","url":"https:\/\/secure.gravatar.com\/avatar\/e8286ca778ea4f9cc01aa305bcf65f72432e2dbddfaa340e7a569f7669ac523b?s=96&d=mm&r=g","contentUrl":"https:\/\/secure.gravatar.com\/avatar\/e8286ca778ea4f9cc01aa305bcf65f72432e2dbddfaa340e7a569f7669ac523b?s=96&d=mm&r=g","caption":"Innopares"},"sameAs":["https:\/\/innopares.es\/"],"url":"https:\/\/innopares.es\/en\/author\/innopares\/"}]}},"_links":{"self":[{"href":"https:\/\/innopares.es\/en\/wp-json\/wp\/v2\/posts\/2533","targetHints":{"allow":["GET"]}}],"collection":[{"href":"https:\/\/innopares.es\/en\/wp-json\/wp\/v2\/posts"}],"about":[{"href":"https:\/\/innopares.es\/en\/wp-json\/wp\/v2\/types\/post"}],"author":[{"embeddable":true,"href":"https:\/\/innopares.es\/en\/wp-json\/wp\/v2\/users\/2"}],"replies":[{"embeddable":true,"href":"https:\/\/innopares.es\/en\/wp-json\/wp\/v2\/comments?post=2533"}],"version-history":[{"count":1,"href":"https:\/\/innopares.es\/en\/wp-json\/wp\/v2\/posts\/2533\/revisions"}],"predecessor-version":[{"id":2534,"href":"https:\/\/innopares.es\/en\/wp-json\/wp\/v2\/posts\/2533\/revisions\/2534"}],"wp:featuredmedia":[{"embeddable":true,"href":"https:\/\/innopares.es\/en\/wp-json\/wp\/v2\/media\/2397"}],"wp:attachment":[{"href":"https:\/\/innopares.es\/en\/wp-json\/wp\/v2\/media?parent=2533"}],"wp:term":[{"taxonomy":"category","embeddable":true,"href":"https:\/\/innopares.es\/en\/wp-json\/wp\/v2\/categories?post=2533"},{"taxonomy":"post_tag","embeddable":true,"href":"https:\/\/innopares.es\/en\/wp-json\/wp\/v2\/tags?post=2533"}],"curies":[{"name":"wp","href":"https:\/\/api.w.org\/{rel}","templated":true}]}}