{"id":2516,"date":"2026-07-14T12:19:13","date_gmt":"2026-07-14T11:19:13","guid":{"rendered":"https:\/\/innopares.es\/?p=2516"},"modified":"2026-07-02T12:20:14","modified_gmt":"2026-07-02T11:20:14","slug":"ensenar-en-la-era-de-la-ia-por-que-el-profesorado-necesita-una-hoja-de-ruta-competencial-y-como-la-construimos","status":"publish","type":"post","link":"https:\/\/innopares.es\/en\/ensenar-en-la-era-de-la-ia-por-que-el-profesorado-necesita-una-hoja-de-ruta-competencial-y-como-la-construimos\/","title":{"rendered":"Ense\u00f1ar en la era de la IA: por qu\u00e9 el profesorado necesita una hoja de ruta competencial (y c\u00f3mo la construimos)"},"content":{"rendered":"<p class=\"font-claude-response-body break-words whitespace-normal\" data-sourcepos=\"3:1-3:30;117-146\"><em>Por M. Bego\u00f1a Arenas Romero<\/em><\/p>\n<p class=\"font-claude-response-body break-words whitespace-normal\" data-sourcepos=\"5:1-5:647;148-794\">La inteligencia artificial ha entrado en nuestras aulas m\u00e1s r\u00e1pido de lo que nuestros sistemas educativos pueden adaptarse a ella. El profesorado ya utiliza herramientas de IA para preparar clases, dar retroalimentaci\u00f3n y personalizar el aprendizaje \u2014 a menudo con entusiasmo, a veces con inquietud, y casi siempre sin un mapa claro de las competencias necesarias para hacerlo bien. Esa brecha fue el punto de partida de mi Trabajo Fin de M\u00e1ster, desarrollado en el marco del proyecto europeo Erasmus+ <em><span style=\"text-decoration: underline;\"><span style=\"color: #0000ff;\"><strong>AI-UpskillEd<\/strong><\/span><\/span> (2025-1-ES01-KA220-HED-000355590)<\/em>\u00a0y recientemente finalizado dentro del M\u00e1ster Interuniversitario en Tecnolog\u00eda Educativa: e-Learning y Gesti\u00f3n del Conocimiento.<\/p>\n<h2 class=\"text-text-100 mt-3 -mb-1 text-[1.125rem] font-bold\" data-sourcepos=\"7:1-7:51;796-846\">El problema: entusiasmo sin marco de referencia<\/h2>\n<p class=\"font-claude-response-body break-words whitespace-normal\" data-sourcepos=\"9:1-9:769;848-1616\">La investigaci\u00f3n muestra de forma consistente que la IA puede favorecer el aprendizaje personalizado, una evaluaci\u00f3n m\u00e1s inteligente y una educaci\u00f3n m\u00e1s inclusiva. Pero tambi\u00e9n advierte de riesgos serios cuando se adopta sin criterios \u00e9ticos y pedag\u00f3gicos: sesgo algor\u00edtmico, amenazas a la privacidad, p\u00e9rdida de autonom\u00eda docente y desaf\u00edos a la integridad acad\u00e9mica. Mientras tanto, Europa ha avanzado con decisi\u00f3n en el plano normativo \u2014 con el Reglamento de IA (AI Act), el Plan de Acci\u00f3n de Educaci\u00f3n Digital y el enfoque europeo de las microcredenciales \u2014 pero faltaba una pieza crucial: <strong>est\u00e1ndares competenciales espec\u00edficos que indiquen a docentes y formadores qu\u00e9 necesitan realmente saber, saber hacer y de qu\u00e9 deben responsabilizarse al trabajar con IA<\/strong>.<\/p>\n<p class=\"font-claude-response-body break-words whitespace-normal\" data-sourcepos=\"11:1-11:221;1618-1838\">Mi <span style=\"color: #0000ff;\"><strong><a style=\"color: #0000ff;\" href=\"https:\/\/innopares.es\/wp-content\/uploads\/2026\/07\/TFM_ArenasRomero_Begona_FIN.pdf\">TFM titulado \u00abIntegraci\u00f3n \u00e9tica y pedag\u00f3gica de la Inteligencia Artificial en la educaci\u00f3n: dise\u00f1o y validaci\u00f3n de matrices competenciales en los niveles EQF4 y EQF6\u00bb<\/a>\u00a0<\/strong><\/span>se propuso cerrar esa brecha dise\u00f1ando y validando dos matrices competenciales para la integraci\u00f3n \u00e9tica y pedag\u00f3gica de la IA en la educaci\u00f3n, alineadas con dos niveles del Marco Europeo de Cualificaciones (EQF):<\/p>\n<ul class=\"[li_&amp;]:mb-0 [li_&amp;]:mt-1 [li_&amp;]:gap-1 [&amp;:not(:last-child)_ul]:pb-1 [&amp;:not(:last-child)_ol]:pb-1 list-disc flex flex-col gap-1 pl-8 mb-3\" data-sourcepos=\"13:1-14:59;1840-2013\">\n<li class=\"font-claude-response-body whitespace-normal break-words pl-2\" data-sourcepos=\"13:1-13:115;1840-1954\"><strong>EQF4<\/strong>, dirigida a educadores de educaci\u00f3n de personas adultas, formaci\u00f3n profesional y programas de juventud.<\/li>\n<li class=\"font-claude-response-body whitespace-normal break-words pl-2\" data-sourcepos=\"14:1-14:59;1955-2013\"><strong>EQF6<\/strong>, dirigida al profesorado de educaci\u00f3n superior.<\/li>\n<\/ul>\n<p class=\"font-claude-response-body break-words whitespace-normal\" data-sourcepos=\"16:1-16:219;2015-2233\">Ambas matrices se anclan en los marcos de referencia europeos que garantizan la calidad y la transferibilidad: el EQF, DigCompEdu, las credenciales digitales Europass y la Recomendaci\u00f3n europea sobre microcredenciales.<\/p>\n<h2 class=\"text-text-100 mt-3 -mb-1 text-[1.125rem] font-bold\" data-sourcepos=\"18:1-18:72;2235-2306\">El enfoque: construir el marco <em>con<\/em> los educadores, no <em>para<\/em> ellos<\/h2>\n<p class=\"font-claude-response-body break-words whitespace-normal\" data-sourcepos=\"20:1-20:281;2308-2588\">Una de mis convicciones centrales en este trabajo era que un marco competencial dise\u00f1ado desde un despacho fracasar\u00eda en el aula. Por eso la metodolog\u00eda sigui\u00f3 un enfoque de investigaci\u00f3n-acci\u00f3n colaborativa basado en el co-dise\u00f1o participativo, desarrollado en ciclos iterativos:<\/p>\n<ol class=\"[li_&amp;]:mb-0 [li_&amp;]:mt-1 [li_&amp;]:gap-1 [&amp;:not(:last-child)_ul]:pb-1 [&amp;:not(:last-child)_ol]:pb-1 list-decimal flex flex-col gap-1 pl-8 mb-3\" data-sourcepos=\"22:1-25:207;2590-3509\">\n<li class=\"font-claude-response-body whitespace-normal break-words pl-2\" data-sourcepos=\"22:1-22:222;2590-2811\"><strong>Investigaci\u00f3n documental<\/strong>: un an\u00e1lisis en profundidad de trece marcos competenciales internacionales y de las pol\u00edticas nacionales de los pa\u00edses socios, que realic\u00e9 como base para un primer borrador de las matrices.<\/li>\n<li class=\"font-claude-response-body whitespace-normal break-words pl-2\" data-sourcepos=\"23:1-23:331;2812-3142\"><strong>Grupos focales y talleres de co-dise\u00f1o<\/strong>: paneles de expertos con profesorado universitario, especialistas en IA y perfiles de pol\u00edtica educativa para la matriz EQF6, y tres talleres de co-dise\u00f1o con 28 profesionales de la educaci\u00f3n de adultos, la FP y el trabajo con j\u00f3venes en Espa\u00f1a, Portugal y Grecia para la matriz EQF4.<\/li>\n<li class=\"font-claude-response-body whitespace-normal break-words pl-2\" data-sourcepos=\"24:1-24:160;3143-3302\"><strong>Revisi\u00f3n por pares interna<\/strong>: una revisi\u00f3n estructurada con doce revisores del consorcio del proyecto para asegurar la claridad y la consistencia interna.<\/li>\n<li class=\"font-claude-response-body whitespace-normal break-words pl-2\" data-sourcepos=\"25:1-25:207;3303-3509\"><strong>Validaci\u00f3n externa con expertos<\/strong>: cuestionarios en l\u00ednea que combinaban \u00edtems de escala Likert y comentarios abiertos, respondidos por <strong>92 expertos de m\u00e1s de doce pa\u00edses<\/strong> de Europa y Am\u00e9rica Latina.<\/li>\n<\/ol>\n<p class=\"font-claude-response-body break-words whitespace-normal\" data-sourcepos=\"27:1-27:683;3511-4193\">El resultado es un par de matrices estructuradas en seis \u00e1reas competenciales \u2014 alfabetizaci\u00f3n t\u00e9cnica en IA, \u00e9tica, pedagog\u00eda, evaluaci\u00f3n, compromiso, y pol\u00edtica y gobernanza \u2014 con resultados de aprendizaje calibrados seg\u00fan la complejidad y la responsabilidad esperadas en cada nivel EQF. La diferenciaci\u00f3n va m\u00e1s all\u00e1 de ajustar la dificultad cognitiva: la matriz EQF4 incluye unidades espec\u00edficas de <strong>gamificaci\u00f3n y accesibilidad<\/strong>, reflejando las realidades de la educaci\u00f3n de adultos y la formaci\u00f3n profesional, mientras que la matriz EQF6 aborda competencias de mayor complejidad institucional, como la <strong>alfabetizaci\u00f3n en IA, la pol\u00edtica y la gobernanza<\/strong> en la universidad.<\/p>\n<h2 class=\"text-text-100 mt-3 -mb-1 text-[1.125rem] font-bold\" data-sourcepos=\"29:1-29:30;4195-4224\">Qu\u00e9 nos dijo la validaci\u00f3n<\/h2>\n<p class=\"font-claude-response-body break-words whitespace-normal\" data-sourcepos=\"31:1-31:418;4226-4643\">Los n\u00fameros fueron alentadores. La matriz EQF4 obtuvo una media compuesta de <strong>4,63 sobre 5<\/strong> con un 93,5 % de acuerdo, y la matriz EQF6 alcanz\u00f3 <strong>4,43 sobre 5<\/strong> con un 89,2 % de acuerdo \u2014 ambas por encima de los umbrales de consenso habituales en la validaci\u00f3n de instrumentos educativos. Ning\u00fan experto utiliz\u00f3 el punto m\u00e1s bajo de la escala en ning\u00fan \u00edtem, y las desviaciones t\u00edpicas fueron consistentemente bajas.<\/p>\n<p class=\"font-claude-response-body break-words whitespace-normal\" data-sourcepos=\"33:1-33:644;4645-5288\">Destacan dos hallazgos cualitativos. Primero, <strong>la \u00e9tica emergi\u00f3 como la columna vertebral de todo el marco<\/strong>: los expertos puntuaron las unidades \u00e9ticas entre las m\u00e1s altas e insistieron en que la \u00e9tica debe atravesar transversalmente todas las \u00e1reas competenciales, no quedar encerrada en un compartimento aparte. Segundo, los expertos pidieron <strong>ejemplos pr\u00e1cticos y espec\u00edficos por disciplina<\/strong> \u2014 escenarios para humanidades, ciencias de la salud o ingenier\u00eda \u2014 confirmando lo que advierte la literatura: los marcos que permanecen abstractos corren el riesgo de convertirse en referencias nominales sin impacto real en la pr\u00e1ctica docente.<\/p>\n<h2 class=\"text-text-100 mt-3 -mb-1 text-[1.125rem] font-bold\" data-sourcepos=\"35:1-35:48;5290-5337\">Limitaciones honestas, pr\u00f3ximos pasos claros<\/h2>\n<p class=\"font-claude-response-body break-words whitespace-normal\" data-sourcepos=\"37:1-37:658;5339-5996\">Como toda validaci\u00f3n conceptual, este trabajo tiene sus l\u00edmites. Las matrices han sido validadas por expertos, pero a\u00fan no pilotadas con el profesorado que finalmente las utilizar\u00e1; su dise\u00f1o deliberadamente transversal necesitar\u00e1 contextualizaci\u00f3n disciplinar; y su impacto a medio plazo est\u00e1 por medir. Lejos de debilitar los resultados, estas limitaciones definen la hoja de ruta: las pr\u00f3ximas fases de AI-UPSKILLED pilotar\u00e1n el marco en contextos educativos reales y convertir\u00e1n las matrices en programas formativos y <strong>microcredenciales vinculadas a Europass<\/strong>, de modo que las competencias puedan certificarse formalmente y reconocerse en toda Europa.<\/p>\n<h2 class=\"text-text-100 mt-3 -mb-1 text-[1.125rem] font-bold\" data-sourcepos=\"39:1-39:19;5998-6016\">Por qu\u00e9 importa<\/h2>\n<p class=\"font-claude-response-body break-words whitespace-normal\" data-sourcepos=\"41:1-41:459;6018-6476\">La lecci\u00f3n m\u00e1s profunda de este trabajo es que <em>s\u00ed<\/em> es posible construir marcos competenciales en IA para el profesorado que sean, a la vez, metodol\u00f3gicamente rigurosos, pedag\u00f3gicamente fundados, \u00e9ticamente comprometidos y alineados con las pol\u00edticas europeas. El s\u00f3lido consenso alcanzado por un panel internacional exigente y diverso sugiere que estas matrices responden a necesidades reales de la pr\u00e1ctica docente, y no a una agenda tecnol\u00f3gica abstracta.<\/p>\n<p class=\"font-claude-response-body break-words whitespace-normal\" data-sourcepos=\"43:1-43:405;6478-6882\">La IA seguir\u00e1 evolucionando m\u00e1s r\u00e1pido de lo que cualquier marco puede hacerlo. Pero si queremos que su integraci\u00f3n en la educaci\u00f3n sea equitativa, centrada en las personas y pedag\u00f3gicamente s\u00f3lida, los educadores necesitan algo m\u00e1s que herramientas: necesitan un lenguaje com\u00fan de competencias. Estas matrices son un primer paso validado hacia ese lenguaje: no una meta, sino un s\u00f3lido punto de partida.<\/p>\n<hr class=\"border-border-200 border-t-0.5 my-3 mx-1.5\" \/>\n<p class=\"font-claude-response-body break-words whitespace-normal\" data-sourcepos=\"47:1-47:344;6889-7232\"><em>Esta entrada se basa en el Trabajo Fin de M\u00e1ster \u00abIntegraci\u00f3n \u00e9tica y pedag\u00f3gica de la Inteligencia Artificial en la educaci\u00f3n: dise\u00f1o y validaci\u00f3n de matrices competenciales en los niveles EQF4 y EQF6\u00bb (2026), dirigido por la Dra. Mireia Usart y desarrollado en el marco del proyecto Erasmus+ <span style=\"text-decoration: underline;\"><span style=\"color: #0000ff;\"><strong>AI-UpskillEd<\/strong><\/span><\/span> (2025-1-ES01-KA220-HED-000355590).<\/em><\/p>\n<p data-sourcepos=\"47:1-47:344;6889-7232\"><img decoding=\"async\" class=\"lazyload size-medium wp-image-2518 aligncenter\" src=\"https:\/\/innopares.es\/wp-content\/uploads\/2026\/07\/TFM_innopares-300x200.jpg\" data-orig-src=\"https:\/\/innopares.es\/wp-content\/uploads\/2026\/07\/TFM_innopares-300x200.jpg\" alt=\"\" width=\"300\" height=\"200\" srcset=\"data:image\/svg+xml,%3Csvg%20xmlns%3D%27http%3A%2F%2Fwww.w3.org%2F2000%2Fsvg%27%20width%3D%27300%27%20height%3D%27200%27%20viewBox%3D%270%200%20300%20200%27%3E%3Crect%20width%3D%27300%27%20height%3D%27200%27%20fill-opacity%3D%220%22%2F%3E%3C%2Fsvg%3E\" data-srcset=\"https:\/\/innopares.es\/wp-content\/uploads\/2026\/07\/TFM_innopares-18x12.jpg 18w, https:\/\/innopares.es\/wp-content\/uploads\/2026\/07\/TFM_innopares-200x133.jpg 200w, https:\/\/innopares.es\/wp-content\/uploads\/2026\/07\/TFM_innopares-300x200.jpg 300w, https:\/\/innopares.es\/wp-content\/uploads\/2026\/07\/TFM_innopares-400x267.jpg 400w, https:\/\/innopares.es\/wp-content\/uploads\/2026\/07\/TFM_innopares-600x400.jpg 600w, https:\/\/innopares.es\/wp-content\/uploads\/2026\/07\/TFM_innopares-768x512.jpg 768w, https:\/\/innopares.es\/wp-content\/uploads\/2026\/07\/TFM_innopares-800x533.jpg 800w, https:\/\/innopares.es\/wp-content\/uploads\/2026\/07\/TFM_innopares-1024x683.jpg 1024w, https:\/\/innopares.es\/wp-content\/uploads\/2026\/07\/TFM_innopares-1200x800.jpg 1200w, https:\/\/innopares.es\/wp-content\/uploads\/2026\/07\/TFM_innopares.jpg 1536w\" data-sizes=\"auto\" data-orig-sizes=\"(max-width: 300px) 100vw, 300px\" \/><\/p>\n<div><\/div>\n<div>\n<p>&nbsp;<\/p>\n<\/div>\n","protected":false},"excerpt":{"rendered":"<p>Por M. Bego\u00f1a Arenas Romero La inteligencia artificial ha entrado en nuestras aulas m\u00e1s r\u00e1pido de lo que nuestros sistemas  &#8230;<\/p>","protected":false},"author":2,"featured_media":2518,"comment_status":"open","ping_status":"open","sticky":false,"template":"","format":"standard","meta":{"footnotes":""},"categories":[16],"tags":[35,45,43,220],"class_list":["post-2516","post","type-post","status-publish","format-standard","has-post-thumbnail","hentry","category-blog","tag-erasmus","tag-ia","tag-ka2","tag-proyecto"],"yoast_head":"<!-- This site is optimized with the Yoast SEO plugin v28.4 - https:\/\/yoast.com\/product\/yoast-seo-wordpress\/ -->\n<title>Ense\u00f1ar en la era de la IA: por qu\u00e9 el profesorado necesita una hoja de ruta competencial (y c\u00f3mo la construimos) - Innopares<\/title>\n<meta name=\"robots\" content=\"index, follow, max-snippet:-1, max-image-preview:large, max-video-preview:-1\" \/>\n<link rel=\"canonical\" href=\"https:\/\/innopares.es\/en\/ensenar-en-la-era-de-la-ia-por-que-el-profesorado-necesita-una-hoja-de-ruta-competencial-y-como-la-construimos\/\" \/>\n<meta property=\"og:locale\" content=\"en_GB\" \/>\n<meta property=\"og:type\" content=\"article\" \/>\n<meta property=\"og:title\" content=\"Ense\u00f1ar en la era de la IA: por qu\u00e9 el profesorado necesita una hoja de ruta competencial (y c\u00f3mo la construimos) - Innopares\" \/>\n<meta property=\"og:description\" content=\"Por M. Bego\u00f1a Arenas Romero La inteligencia artificial ha entrado en nuestras aulas m\u00e1s r\u00e1pido de lo que nuestros sistemas ...\" \/>\n<meta property=\"og:url\" content=\"https:\/\/innopares.es\/en\/ensenar-en-la-era-de-la-ia-por-que-el-profesorado-necesita-una-hoja-de-ruta-competencial-y-como-la-construimos\/\" \/>\n<meta property=\"og:site_name\" content=\"Innopares\" \/>\n<meta property=\"article:publisher\" content=\"https:\/\/www.facebook.com\/profile.php?id=100089595585275\" \/>\n<meta property=\"article:published_time\" content=\"2026-07-14T11:19:13+00:00\" \/>\n<meta property=\"og:image\" content=\"https:\/\/innopares.es\/wp-content\/uploads\/2026\/07\/TFM_innopares.jpg\" \/>\n\t<meta property=\"og:image:width\" content=\"1536\" \/>\n\t<meta property=\"og:image:height\" content=\"1024\" \/>\n\t<meta property=\"og:image:type\" content=\"image\/jpeg\" \/>\n<meta name=\"author\" content=\"Innopares\" \/>\n<meta name=\"twitter:card\" content=\"summary_large_image\" \/>\n<meta name=\"twitter:label1\" content=\"Written by\" \/>\n\t<meta name=\"twitter:data1\" content=\"Innopares\" \/>\n\t<meta name=\"twitter:label2\" content=\"Estimated reading time\" \/>\n\t<meta name=\"twitter:data2\" content=\"6 minutes\" \/>\n<script type=\"application\/ld+json\" class=\"yoast-schema-graph\">{\"@context\":\"https:\\\/\\\/schema.org\",\"@graph\":[{\"@type\":\"Article\",\"@id\":\"https:\\\/\\\/innopares.es\\\/ensenar-en-la-era-de-la-ia-por-que-el-profesorado-necesita-una-hoja-de-ruta-competencial-y-como-la-construimos\\\/#article\",\"isPartOf\":{\"@id\":\"https:\\\/\\\/innopares.es\\\/ensenar-en-la-era-de-la-ia-por-que-el-profesorado-necesita-una-hoja-de-ruta-competencial-y-como-la-construimos\\\/\"},\"author\":{\"name\":\"Innopares\",\"@id\":\"https:\\\/\\\/innopares.es\\\/#\\\/schema\\\/person\\\/305207ba88acc266b4c83801547117d5\"},\"headline\":\"Ense\u00f1ar en la era de la IA: por qu\u00e9 el profesorado necesita una hoja de ruta competencial (y c\u00f3mo la construimos)\",\"datePublished\":\"2026-07-14T11:19:13+00:00\",\"mainEntityOfPage\":{\"@id\":\"https:\\\/\\\/innopares.es\\\/ensenar-en-la-era-de-la-ia-por-que-el-profesorado-necesita-una-hoja-de-ruta-competencial-y-como-la-construimos\\\/\"},\"wordCount\":1200,\"commentCount\":0,\"publisher\":{\"@id\":\"https:\\\/\\\/innopares.es\\\/#organization\"},\"image\":{\"@id\":\"https:\\\/\\\/innopares.es\\\/ensenar-en-la-era-de-la-ia-por-que-el-profesorado-necesita-una-hoja-de-ruta-competencial-y-como-la-construimos\\\/#primaryimage\"},\"thumbnailUrl\":\"https:\\\/\\\/innopares.es\\\/wp-content\\\/uploads\\\/2026\\\/07\\\/TFM_innopares.jpg\",\"keywords\":[\"Erasmus+\",\"IA\",\"KA2\",\"proyecto\"],\"articleSection\":[\"Blog\"],\"inLanguage\":\"en-GB\",\"potentialAction\":[{\"@type\":\"CommentAction\",\"name\":\"Comment\",\"target\":[\"https:\\\/\\\/innopares.es\\\/ensenar-en-la-era-de-la-ia-por-que-el-profesorado-necesita-una-hoja-de-ruta-competencial-y-como-la-construimos\\\/#respond\"]}]},{\"@type\":\"WebPage\",\"@id\":\"https:\\\/\\\/innopares.es\\\/ensenar-en-la-era-de-la-ia-por-que-el-profesorado-necesita-una-hoja-de-ruta-competencial-y-como-la-construimos\\\/\",\"url\":\"https:\\\/\\\/innopares.es\\\/ensenar-en-la-era-de-la-ia-por-que-el-profesorado-necesita-una-hoja-de-ruta-competencial-y-como-la-construimos\\\/\",\"name\":\"Ense\u00f1ar en la era de la IA: por qu\u00e9 el profesorado necesita una hoja de ruta competencial (y c\u00f3mo la construimos) - Innopares\",\"isPartOf\":{\"@id\":\"https:\\\/\\\/innopares.es\\\/#website\"},\"primaryImageOfPage\":{\"@id\":\"https:\\\/\\\/innopares.es\\\/ensenar-en-la-era-de-la-ia-por-que-el-profesorado-necesita-una-hoja-de-ruta-competencial-y-como-la-construimos\\\/#primaryimage\"},\"image\":{\"@id\":\"https:\\\/\\\/innopares.es\\\/ensenar-en-la-era-de-la-ia-por-que-el-profesorado-necesita-una-hoja-de-ruta-competencial-y-como-la-construimos\\\/#primaryimage\"},\"thumbnailUrl\":\"https:\\\/\\\/innopares.es\\\/wp-content\\\/uploads\\\/2026\\\/07\\\/TFM_innopares.jpg\",\"datePublished\":\"2026-07-14T11:19:13+00:00\",\"breadcrumb\":{\"@id\":\"https:\\\/\\\/innopares.es\\\/ensenar-en-la-era-de-la-ia-por-que-el-profesorado-necesita-una-hoja-de-ruta-competencial-y-como-la-construimos\\\/#breadcrumb\"},\"inLanguage\":\"en-GB\",\"potentialAction\":[{\"@type\":\"ReadAction\",\"target\":[\"https:\\\/\\\/innopares.es\\\/ensenar-en-la-era-de-la-ia-por-que-el-profesorado-necesita-una-hoja-de-ruta-competencial-y-como-la-construimos\\\/\"]}]},{\"@type\":\"ImageObject\",\"inLanguage\":\"en-GB\",\"@id\":\"https:\\\/\\\/innopares.es\\\/ensenar-en-la-era-de-la-ia-por-que-el-profesorado-necesita-una-hoja-de-ruta-competencial-y-como-la-construimos\\\/#primaryimage\",\"url\":\"https:\\\/\\\/innopares.es\\\/wp-content\\\/uploads\\\/2026\\\/07\\\/TFM_innopares.jpg\",\"contentUrl\":\"https:\\\/\\\/innopares.es\\\/wp-content\\\/uploads\\\/2026\\\/07\\\/TFM_innopares.jpg\",\"width\":1536,\"height\":1024},{\"@type\":\"BreadcrumbList\",\"@id\":\"https:\\\/\\\/innopares.es\\\/ensenar-en-la-era-de-la-ia-por-que-el-profesorado-necesita-una-hoja-de-ruta-competencial-y-como-la-construimos\\\/#breadcrumb\",\"itemListElement\":[{\"@type\":\"ListItem\",\"position\":1,\"name\":\"Portada\",\"item\":\"https:\\\/\\\/innopares.es\\\/\"},{\"@type\":\"ListItem\",\"position\":2,\"name\":\"Ense\u00f1ar en la era de la IA: por qu\u00e9 el profesorado necesita una hoja de ruta competencial (y c\u00f3mo la construimos)\"}]},{\"@type\":\"WebSite\",\"@id\":\"https:\\\/\\\/innopares.es\\\/#website\",\"url\":\"https:\\\/\\\/innopares.es\\\/\",\"name\":\"Innopares\",\"description\":\"Gesti\u00f3n de proyectos de innovaci\u00f3n\",\"publisher\":{\"@id\":\"https:\\\/\\\/innopares.es\\\/#organization\"},\"alternateName\":\"Innopares\",\"potentialAction\":[{\"@type\":\"SearchAction\",\"target\":{\"@type\":\"EntryPoint\",\"urlTemplate\":\"https:\\\/\\\/innopares.es\\\/?s={search_term_string}\"},\"query-input\":{\"@type\":\"PropertyValueSpecification\",\"valueRequired\":true,\"valueName\":\"search_term_string\"}}],\"inLanguage\":\"en-GB\"},{\"@type\":\"Organization\",\"@id\":\"https:\\\/\\\/innopares.es\\\/#organization\",\"name\":\"Innopares\",\"alternateName\":\"Innopares\",\"url\":\"https:\\\/\\\/innopares.es\\\/\",\"logo\":{\"@type\":\"ImageObject\",\"inLanguage\":\"en-GB\",\"@id\":\"https:\\\/\\\/innopares.es\\\/#\\\/schema\\\/logo\\\/image\\\/\",\"url\":\"https:\\\/\\\/innopares.es\\\/wp-content\\\/uploads\\\/2023\\\/01\\\/logoINNOPARES.svg\",\"contentUrl\":\"https:\\\/\\\/innopares.es\\\/wp-content\\\/uploads\\\/2023\\\/01\\\/logoINNOPARES.svg\",\"width\":375,\"height\":374,\"caption\":\"Innopares\"},\"image\":{\"@id\":\"https:\\\/\\\/innopares.es\\\/#\\\/schema\\\/logo\\\/image\\\/\"},\"sameAs\":[\"https:\\\/\\\/www.facebook.com\\\/profile.php?id=100089595585275\",\"https:\\\/\\\/www.instagram.com\\\/innopares_es\\\/\",\"https:\\\/\\\/www.linkedin.com\\\/company\\\/innopares\\\/\"]},{\"@type\":\"Person\",\"@id\":\"https:\\\/\\\/innopares.es\\\/#\\\/schema\\\/person\\\/305207ba88acc266b4c83801547117d5\",\"name\":\"Innopares\",\"image\":{\"@type\":\"ImageObject\",\"inLanguage\":\"en-GB\",\"@id\":\"https:\\\/\\\/secure.gravatar.com\\\/avatar\\\/e8286ca778ea4f9cc01aa305bcf65f72432e2dbddfaa340e7a569f7669ac523b?s=96&d=mm&r=g\",\"url\":\"https:\\\/\\\/secure.gravatar.com\\\/avatar\\\/e8286ca778ea4f9cc01aa305bcf65f72432e2dbddfaa340e7a569f7669ac523b?s=96&d=mm&r=g\",\"contentUrl\":\"https:\\\/\\\/secure.gravatar.com\\\/avatar\\\/e8286ca778ea4f9cc01aa305bcf65f72432e2dbddfaa340e7a569f7669ac523b?s=96&d=mm&r=g\",\"caption\":\"Innopares\"},\"sameAs\":[\"https:\\\/\\\/innopares.es\\\/\"],\"url\":\"https:\\\/\\\/innopares.es\\\/en\\\/author\\\/innopares\\\/\"}]}<\/script>\n<!-- \/ Yoast SEO plugin. -->","yoast_head_json":{"title":"Ense\u00f1ar en la era de la IA: por qu\u00e9 el profesorado necesita una hoja de ruta competencial (y c\u00f3mo la construimos) - Innopares","robots":{"index":"index","follow":"follow","max-snippet":"max-snippet:-1","max-image-preview":"max-image-preview:large","max-video-preview":"max-video-preview:-1"},"canonical":"https:\/\/innopares.es\/en\/ensenar-en-la-era-de-la-ia-por-que-el-profesorado-necesita-una-hoja-de-ruta-competencial-y-como-la-construimos\/","og_locale":"en_GB","og_type":"article","og_title":"Ense\u00f1ar en la era de la IA: por qu\u00e9 el profesorado necesita una hoja de ruta competencial (y c\u00f3mo la construimos) - Innopares","og_description":"Por M. Bego\u00f1a Arenas Romero La inteligencia artificial ha entrado en nuestras aulas m\u00e1s r\u00e1pido de lo que nuestros sistemas ...","og_url":"https:\/\/innopares.es\/en\/ensenar-en-la-era-de-la-ia-por-que-el-profesorado-necesita-una-hoja-de-ruta-competencial-y-como-la-construimos\/","og_site_name":"Innopares","article_publisher":"https:\/\/www.facebook.com\/profile.php?id=100089595585275","article_published_time":"2026-07-14T11:19:13+00:00","og_image":[{"width":1536,"height":1024,"url":"https:\/\/innopares.es\/wp-content\/uploads\/2026\/07\/TFM_innopares.jpg","type":"image\/jpeg"}],"author":"Innopares","twitter_card":"summary_large_image","twitter_misc":{"Written by":"Innopares","Estimated reading time":"6 minutes"},"schema":{"@context":"https:\/\/schema.org","@graph":[{"@type":"Article","@id":"https:\/\/innopares.es\/ensenar-en-la-era-de-la-ia-por-que-el-profesorado-necesita-una-hoja-de-ruta-competencial-y-como-la-construimos\/#article","isPartOf":{"@id":"https:\/\/innopares.es\/ensenar-en-la-era-de-la-ia-por-que-el-profesorado-necesita-una-hoja-de-ruta-competencial-y-como-la-construimos\/"},"author":{"name":"Innopares","@id":"https:\/\/innopares.es\/#\/schema\/person\/305207ba88acc266b4c83801547117d5"},"headline":"Ense\u00f1ar en la era de la IA: por qu\u00e9 el profesorado necesita una hoja de ruta competencial (y c\u00f3mo la construimos)","datePublished":"2026-07-14T11:19:13+00:00","mainEntityOfPage":{"@id":"https:\/\/innopares.es\/ensenar-en-la-era-de-la-ia-por-que-el-profesorado-necesita-una-hoja-de-ruta-competencial-y-como-la-construimos\/"},"wordCount":1200,"commentCount":0,"publisher":{"@id":"https:\/\/innopares.es\/#organization"},"image":{"@id":"https:\/\/innopares.es\/ensenar-en-la-era-de-la-ia-por-que-el-profesorado-necesita-una-hoja-de-ruta-competencial-y-como-la-construimos\/#primaryimage"},"thumbnailUrl":"https:\/\/innopares.es\/wp-content\/uploads\/2026\/07\/TFM_innopares.jpg","keywords":["Erasmus+","IA","KA2","proyecto"],"articleSection":["Blog"],"inLanguage":"en-GB","potentialAction":[{"@type":"CommentAction","name":"Comment","target":["https:\/\/innopares.es\/ensenar-en-la-era-de-la-ia-por-que-el-profesorado-necesita-una-hoja-de-ruta-competencial-y-como-la-construimos\/#respond"]}]},{"@type":"WebPage","@id":"https:\/\/innopares.es\/ensenar-en-la-era-de-la-ia-por-que-el-profesorado-necesita-una-hoja-de-ruta-competencial-y-como-la-construimos\/","url":"https:\/\/innopares.es\/ensenar-en-la-era-de-la-ia-por-que-el-profesorado-necesita-una-hoja-de-ruta-competencial-y-como-la-construimos\/","name":"Ense\u00f1ar en la era de la IA: por qu\u00e9 el profesorado necesita una hoja de ruta competencial (y c\u00f3mo la construimos) - Innopares","isPartOf":{"@id":"https:\/\/innopares.es\/#website"},"primaryImageOfPage":{"@id":"https:\/\/innopares.es\/ensenar-en-la-era-de-la-ia-por-que-el-profesorado-necesita-una-hoja-de-ruta-competencial-y-como-la-construimos\/#primaryimage"},"image":{"@id":"https:\/\/innopares.es\/ensenar-en-la-era-de-la-ia-por-que-el-profesorado-necesita-una-hoja-de-ruta-competencial-y-como-la-construimos\/#primaryimage"},"thumbnailUrl":"https:\/\/innopares.es\/wp-content\/uploads\/2026\/07\/TFM_innopares.jpg","datePublished":"2026-07-14T11:19:13+00:00","breadcrumb":{"@id":"https:\/\/innopares.es\/ensenar-en-la-era-de-la-ia-por-que-el-profesorado-necesita-una-hoja-de-ruta-competencial-y-como-la-construimos\/#breadcrumb"},"inLanguage":"en-GB","potentialAction":[{"@type":"ReadAction","target":["https:\/\/innopares.es\/ensenar-en-la-era-de-la-ia-por-que-el-profesorado-necesita-una-hoja-de-ruta-competencial-y-como-la-construimos\/"]}]},{"@type":"ImageObject","inLanguage":"en-GB","@id":"https:\/\/innopares.es\/ensenar-en-la-era-de-la-ia-por-que-el-profesorado-necesita-una-hoja-de-ruta-competencial-y-como-la-construimos\/#primaryimage","url":"https:\/\/innopares.es\/wp-content\/uploads\/2026\/07\/TFM_innopares.jpg","contentUrl":"https:\/\/innopares.es\/wp-content\/uploads\/2026\/07\/TFM_innopares.jpg","width":1536,"height":1024},{"@type":"BreadcrumbList","@id":"https:\/\/innopares.es\/ensenar-en-la-era-de-la-ia-por-que-el-profesorado-necesita-una-hoja-de-ruta-competencial-y-como-la-construimos\/#breadcrumb","itemListElement":[{"@type":"ListItem","position":1,"name":"Portada","item":"https:\/\/innopares.es\/"},{"@type":"ListItem","position":2,"name":"Ense\u00f1ar en la era de la IA: por qu\u00e9 el profesorado necesita una hoja de ruta competencial (y c\u00f3mo la construimos)"}]},{"@type":"WebSite","@id":"https:\/\/innopares.es\/#website","url":"https:\/\/innopares.es\/","name":"Innopares","description":"Gesti\u00f3n de proyectos de innovaci\u00f3n","publisher":{"@id":"https:\/\/innopares.es\/#organization"},"alternateName":"Innopares","potentialAction":[{"@type":"SearchAction","target":{"@type":"EntryPoint","urlTemplate":"https:\/\/innopares.es\/?s={search_term_string}"},"query-input":{"@type":"PropertyValueSpecification","valueRequired":true,"valueName":"search_term_string"}}],"inLanguage":"en-GB"},{"@type":"Organization","@id":"https:\/\/innopares.es\/#organization","name":"Innopares","alternateName":"Innopares","url":"https:\/\/innopares.es\/","logo":{"@type":"ImageObject","inLanguage":"en-GB","@id":"https:\/\/innopares.es\/#\/schema\/logo\/image\/","url":"https:\/\/innopares.es\/wp-content\/uploads\/2023\/01\/logoINNOPARES.svg","contentUrl":"https:\/\/innopares.es\/wp-content\/uploads\/2023\/01\/logoINNOPARES.svg","width":375,"height":374,"caption":"Innopares"},"image":{"@id":"https:\/\/innopares.es\/#\/schema\/logo\/image\/"},"sameAs":["https:\/\/www.facebook.com\/profile.php?id=100089595585275","https:\/\/www.instagram.com\/innopares_es\/","https:\/\/www.linkedin.com\/company\/innopares\/"]},{"@type":"Person","@id":"https:\/\/innopares.es\/#\/schema\/person\/305207ba88acc266b4c83801547117d5","name":"Innopares","image":{"@type":"ImageObject","inLanguage":"en-GB","@id":"https:\/\/secure.gravatar.com\/avatar\/e8286ca778ea4f9cc01aa305bcf65f72432e2dbddfaa340e7a569f7669ac523b?s=96&d=mm&r=g","url":"https:\/\/secure.gravatar.com\/avatar\/e8286ca778ea4f9cc01aa305bcf65f72432e2dbddfaa340e7a569f7669ac523b?s=96&d=mm&r=g","contentUrl":"https:\/\/secure.gravatar.com\/avatar\/e8286ca778ea4f9cc01aa305bcf65f72432e2dbddfaa340e7a569f7669ac523b?s=96&d=mm&r=g","caption":"Innopares"},"sameAs":["https:\/\/innopares.es\/"],"url":"https:\/\/innopares.es\/en\/author\/innopares\/"}]}},"_links":{"self":[{"href":"https:\/\/innopares.es\/en\/wp-json\/wp\/v2\/posts\/2516","targetHints":{"allow":["GET"]}}],"collection":[{"href":"https:\/\/innopares.es\/en\/wp-json\/wp\/v2\/posts"}],"about":[{"href":"https:\/\/innopares.es\/en\/wp-json\/wp\/v2\/types\/post"}],"author":[{"embeddable":true,"href":"https:\/\/innopares.es\/en\/wp-json\/wp\/v2\/users\/2"}],"replies":[{"embeddable":true,"href":"https:\/\/innopares.es\/en\/wp-json\/wp\/v2\/comments?post=2516"}],"version-history":[{"count":3,"href":"https:\/\/innopares.es\/en\/wp-json\/wp\/v2\/posts\/2516\/revisions"}],"predecessor-version":[{"id":2520,"href":"https:\/\/innopares.es\/en\/wp-json\/wp\/v2\/posts\/2516\/revisions\/2520"}],"wp:featuredmedia":[{"embeddable":true,"href":"https:\/\/innopares.es\/en\/wp-json\/wp\/v2\/media\/2518"}],"wp:attachment":[{"href":"https:\/\/innopares.es\/en\/wp-json\/wp\/v2\/media?parent=2516"}],"wp:term":[{"taxonomy":"category","embeddable":true,"href":"https:\/\/innopares.es\/en\/wp-json\/wp\/v2\/categories?post=2516"},{"taxonomy":"post_tag","embeddable":true,"href":"https:\/\/innopares.es\/en\/wp-json\/wp\/v2\/tags?post=2516"}],"curies":[{"name":"wp","href":"https:\/\/api.w.org\/{rel}","templated":true}]}}