{"id":1189,"date":"2024-01-19T10:42:04","date_gmt":"2024-01-19T09:42:04","guid":{"rendered":"https:\/\/innopares.es\/?p=1189"},"modified":"2024-01-26T10:31:07","modified_gmt":"2024-01-26T09:31:07","slug":"te-preocupa-la-inclusion-en-tu-centro-educativo-erasmusplus-2024","status":"publish","type":"post","link":"https:\/\/innopares.es\/en\/te-preocupa-la-inclusion-en-tu-centro-educativo-erasmusplus-2024\/","title":{"rendered":"\u00bfTe preocupa la inclusion en tu centro educativo? #Erasmusplus #2024"},"content":{"rendered":"<div class=\"lead\">\n<p>Como muy seguramente ya sep\u00e1is, <strong><a href=\"https:\/\/ec.europa.eu\/programmes\/erasmus-plus\/about_es\">Erasmus+<\/a> <\/strong>es el programa de la <span class=\"x3nfvp2 x1j61x8r x1fcty0u xdj266r xhhsvwb xat24cr xgzva0m xxymvpz xlup9mm x1kky2od\"><img decoding=\"async\" class=\"lazyload xz74otr\" src=\"data:image\/svg+xml,%3Csvg%20xmlns%3D%27http%3A%2F%2Fwww.w3.org%2F2000%2Fsvg%27%20width%3D%2716%27%20height%3D%2716%27%20viewBox%3D%270%200%2016%2016%27%3E%3Crect%20width%3D%2716%27%20height%3D%2716%27%20fill-opacity%3D%220%22%2F%3E%3C%2Fsvg%3E\" data-orig-src=\"https:\/\/static.xx.fbcdn.net\/images\/emoji.php\/v9\/tdd\/1\/16\/1f1ea_1f1fa.png\" alt=\"\ud83c\uddea\ud83c\uddfa\" width=\"16\" height=\"16\" \/> <\/span>UE para apoyar la educaci\u00f3n, la formaci\u00f3n, la juventud y el deporte en Europa.\u00a0\u00a0<strong>La convocatoria Erasmus+ 2024 ya ha sido publicada: puedes encontrar el texto de la <a href=\"https:\/\/eur-lex.europa.eu\/legal-content\/ES\/TXT\/?uri=CELEX:C\/2023\/01262\">convocatoria en EUR-LEX<\/a>.\u00a0<\/strong><\/p>\n<\/div>\n<div class=\"content\">\n<p><span class=\"\">En esta entrada de blog nuestra idea es informaros que el SEPIE, una de las dos agencias nacionales ha publicado una <a href=\"http:\/\/sepie.es\/doc\/newsletter\/2022\/46\/infografia.pdf\">Infograf\u00eda<\/a> en la que se explican las oportunidades de inclusion que ofrece Erasmus+ en todos los sectores educativos.<\/span><\/p>\n<p><a href=\"http:\/\/sepie.es\/doc\/newsletter\/2022\/46\/infografia.pdf\"><strong><span class=\"\"> \u00a0ACCESSO A LA INFOGRAF\u00cdA.<\/span><\/strong><\/a><\/p>\n<p>Muy pronto compartiremos con todos los resultados de un nuevo proyecto, <a href=\"https:\/\/innopares.es\/en\/spectrum-cohesion\/\" target=\"_blank\" rel=\"noopener\"><strong>SPECTRUM-COHESION,<\/strong> <\/a>que presentar\u00e1 materiales innovadores para facilitar la inclusi\u00f3n de estudiantes con neuro divergencias.<\/p>\n<p><img decoding=\"async\" class=\"lazyload size-medium wp-image-1190 aligncenter\" src=\"https:\/\/innopares.es\/wp-content\/uploads\/2024\/01\/eiNCLUSION-300x167.png\" data-orig-src=\"https:\/\/innopares.es\/wp-content\/uploads\/2024\/01\/eiNCLUSION-300x167.png\" alt=\"\" width=\"300\" height=\"167\" srcset=\"data:image\/svg+xml,%3Csvg%20xmlns%3D%27http%3A%2F%2Fwww.w3.org%2F2000%2Fsvg%27%20width%3D%27300%27%20height%3D%27167%27%20viewBox%3D%270%200%20300%20167%27%3E%3Crect%20width%3D%27300%27%20height%3D%27167%27%20fill-opacity%3D%220%22%2F%3E%3C%2Fsvg%3E\" data-srcset=\"https:\/\/innopares.es\/wp-content\/uploads\/2024\/01\/eiNCLUSION-18x10.png 18w, https:\/\/innopares.es\/wp-content\/uploads\/2024\/01\/eiNCLUSION-200x112.png 200w, https:\/\/innopares.es\/wp-content\/uploads\/2024\/01\/eiNCLUSION-300x167.png 300w, https:\/\/innopares.es\/wp-content\/uploads\/2024\/01\/eiNCLUSION-400x223.png 400w, https:\/\/innopares.es\/wp-content\/uploads\/2024\/01\/eiNCLUSION-600x335.png 600w, https:\/\/innopares.es\/wp-content\/uploads\/2024\/01\/eiNCLUSION-768x428.png 768w, https:\/\/innopares.es\/wp-content\/uploads\/2024\/01\/eiNCLUSION-800x446.png 800w, https:\/\/innopares.es\/wp-content\/uploads\/2024\/01\/eiNCLUSION.png 947w\" data-sizes=\"auto\" data-orig-sizes=\"(max-width: 300px) 100vw, 300px\" \/><\/p>\n<p>&nbsp;<\/p>\n<\/div>","protected":false},"excerpt":{"rendered":"<p>Como muy seguramente ya sep\u00e1is, Erasmus+ es el programa de la UE para apoyar la educaci\u00f3n, la formaci\u00f3n, la juventud  &#8230;<\/p>","protected":false},"author":2,"featured_media":1190,"comment_status":"open","ping_status":"open","sticky":false,"template":"","format":"standard","meta":{"footnotes":""},"categories":[16],"tags":[36,35,47],"class_list":["post-1189","post","type-post","status-publish","format-standard","has-post-thumbnail","hentry","category-blog","tag-36","tag-erasmus","tag-inclusion"],"yoast_head":"<!-- This site is optimized with the Yoast SEO plugin v27.4 - https:\/\/yoast.com\/product\/yoast-seo-wordpress\/ -->\n<title>\u00bfTe preocupa la inclusion en tu centro educativo? #Erasmusplus #2024 - Innopares<\/title>\n<meta name=\"robots\" content=\"index, follow, max-snippet:-1, max-image-preview:large, max-video-preview:-1\" \/>\n<link rel=\"canonical\" href=\"https:\/\/innopares.es\/en\/te-preocupa-la-inclusion-en-tu-centro-educativo-erasmusplus-2024\/\" \/>\n<meta property=\"og:locale\" content=\"en_GB\" \/>\n<meta property=\"og:type\" content=\"article\" \/>\n<meta property=\"og:title\" content=\"\u00bfTe preocupa la inclusion en tu centro educativo? #Erasmusplus #2024 - Innopares\" \/>\n<meta property=\"og:description\" content=\"Como muy seguramente ya sep\u00e1is, Erasmus+ es el programa de la UE para apoyar la educaci\u00f3n, la formaci\u00f3n, la juventud ...\" \/>\n<meta property=\"og:url\" content=\"https:\/\/innopares.es\/en\/te-preocupa-la-inclusion-en-tu-centro-educativo-erasmusplus-2024\/\" \/>\n<meta property=\"og:site_name\" content=\"Innopares\" \/>\n<meta property=\"article:publisher\" content=\"https:\/\/www.facebook.com\/profile.php?id=100089595585275\" \/>\n<meta property=\"article:published_time\" content=\"2024-01-19T09:42:04+00:00\" \/>\n<meta property=\"article:modified_time\" content=\"2024-01-26T09:31:07+00:00\" \/>\n<meta property=\"og:image\" content=\"https:\/\/innopares.es\/wp-content\/uploads\/2024\/01\/eiNCLUSION.png\" \/>\n\t<meta property=\"og:image:width\" content=\"947\" \/>\n\t<meta property=\"og:image:height\" content=\"528\" \/>\n\t<meta property=\"og:image:type\" content=\"image\/png\" \/>\n<meta name=\"author\" content=\"Innopares\" \/>\n<meta name=\"twitter:card\" content=\"summary_large_image\" \/>\n<meta name=\"twitter:label1\" content=\"Written by\" \/>\n\t<meta name=\"twitter:data1\" content=\"Innopares\" \/>\n\t<meta name=\"twitter:label2\" content=\"Estimated reading time\" \/>\n\t<meta name=\"twitter:data2\" content=\"1 minute\" \/>\n<script type=\"application\/ld+json\" class=\"yoast-schema-graph\">{\"@context\":\"https:\\\/\\\/schema.org\",\"@graph\":[{\"@type\":\"Article\",\"@id\":\"https:\\\/\\\/innopares.es\\\/te-preocupa-la-inclusion-en-tu-centro-educativo-erasmusplus-2024\\\/#article\",\"isPartOf\":{\"@id\":\"https:\\\/\\\/innopares.es\\\/te-preocupa-la-inclusion-en-tu-centro-educativo-erasmusplus-2024\\\/\"},\"author\":{\"name\":\"Innopares\",\"@id\":\"https:\\\/\\\/innopares.es\\\/#\\\/schema\\\/person\\\/305207ba88acc266b4c83801547117d5\"},\"headline\":\"\u00bfTe preocupa la inclusion en tu centro educativo? #Erasmusplus #2024\",\"datePublished\":\"2024-01-19T09:42:04+00:00\",\"dateModified\":\"2024-01-26T09:31:07+00:00\",\"mainEntityOfPage\":{\"@id\":\"https:\\\/\\\/innopares.es\\\/te-preocupa-la-inclusion-en-tu-centro-educativo-erasmusplus-2024\\\/\"},\"wordCount\":125,\"commentCount\":0,\"publisher\":{\"@id\":\"https:\\\/\\\/innopares.es\\\/#organization\"},\"image\":{\"@id\":\"https:\\\/\\\/innopares.es\\\/te-preocupa-la-inclusion-en-tu-centro-educativo-erasmusplus-2024\\\/#primaryimage\"},\"thumbnailUrl\":\"https:\\\/\\\/innopares.es\\\/wp-content\\\/uploads\\\/2024\\\/01\\\/eiNCLUSION.png\",\"keywords\":[\"2024\",\"Erasmus+\",\"inclusi\u00f3n\"],\"articleSection\":[\"Blog\"],\"inLanguage\":\"en-GB\",\"potentialAction\":[{\"@type\":\"CommentAction\",\"name\":\"Comment\",\"target\":[\"https:\\\/\\\/innopares.es\\\/te-preocupa-la-inclusion-en-tu-centro-educativo-erasmusplus-2024\\\/#respond\"]}]},{\"@type\":\"WebPage\",\"@id\":\"https:\\\/\\\/innopares.es\\\/te-preocupa-la-inclusion-en-tu-centro-educativo-erasmusplus-2024\\\/\",\"url\":\"https:\\\/\\\/innopares.es\\\/te-preocupa-la-inclusion-en-tu-centro-educativo-erasmusplus-2024\\\/\",\"name\":\"\u00bfTe preocupa la inclusion en tu centro educativo? #Erasmusplus #2024 - Innopares\",\"isPartOf\":{\"@id\":\"https:\\\/\\\/innopares.es\\\/#website\"},\"primaryImageOfPage\":{\"@id\":\"https:\\\/\\\/innopares.es\\\/te-preocupa-la-inclusion-en-tu-centro-educativo-erasmusplus-2024\\\/#primaryimage\"},\"image\":{\"@id\":\"https:\\\/\\\/innopares.es\\\/te-preocupa-la-inclusion-en-tu-centro-educativo-erasmusplus-2024\\\/#primaryimage\"},\"thumbnailUrl\":\"https:\\\/\\\/innopares.es\\\/wp-content\\\/uploads\\\/2024\\\/01\\\/eiNCLUSION.png\",\"datePublished\":\"2024-01-19T09:42:04+00:00\",\"dateModified\":\"2024-01-26T09:31:07+00:00\",\"breadcrumb\":{\"@id\":\"https:\\\/\\\/innopares.es\\\/te-preocupa-la-inclusion-en-tu-centro-educativo-erasmusplus-2024\\\/#breadcrumb\"},\"inLanguage\":\"en-GB\",\"potentialAction\":[{\"@type\":\"ReadAction\",\"target\":[\"https:\\\/\\\/innopares.es\\\/te-preocupa-la-inclusion-en-tu-centro-educativo-erasmusplus-2024\\\/\"]}]},{\"@type\":\"ImageObject\",\"inLanguage\":\"en-GB\",\"@id\":\"https:\\\/\\\/innopares.es\\\/te-preocupa-la-inclusion-en-tu-centro-educativo-erasmusplus-2024\\\/#primaryimage\",\"url\":\"https:\\\/\\\/innopares.es\\\/wp-content\\\/uploads\\\/2024\\\/01\\\/eiNCLUSION.png\",\"contentUrl\":\"https:\\\/\\\/innopares.es\\\/wp-content\\\/uploads\\\/2024\\\/01\\\/eiNCLUSION.png\",\"width\":947,\"height\":528},{\"@type\":\"BreadcrumbList\",\"@id\":\"https:\\\/\\\/innopares.es\\\/te-preocupa-la-inclusion-en-tu-centro-educativo-erasmusplus-2024\\\/#breadcrumb\",\"itemListElement\":[{\"@type\":\"ListItem\",\"position\":1,\"name\":\"Portada\",\"item\":\"https:\\\/\\\/innopares.es\\\/\"},{\"@type\":\"ListItem\",\"position\":2,\"name\":\"\u00bfTe preocupa la inclusion en tu centro educativo? #Erasmusplus #2024\"}]},{\"@type\":\"WebSite\",\"@id\":\"https:\\\/\\\/innopares.es\\\/#website\",\"url\":\"https:\\\/\\\/innopares.es\\\/\",\"name\":\"Innopares\",\"description\":\"Gesti&oacute;n de proyectos de innovaci&oacute;n\",\"publisher\":{\"@id\":\"https:\\\/\\\/innopares.es\\\/#organization\"},\"alternateName\":\"Innopares\",\"potentialAction\":[{\"@type\":\"SearchAction\",\"target\":{\"@type\":\"EntryPoint\",\"urlTemplate\":\"https:\\\/\\\/innopares.es\\\/?s={search_term_string}\"},\"query-input\":{\"@type\":\"PropertyValueSpecification\",\"valueRequired\":true,\"valueName\":\"search_term_string\"}}],\"inLanguage\":\"en-GB\"},{\"@type\":\"Organization\",\"@id\":\"https:\\\/\\\/innopares.es\\\/#organization\",\"name\":\"Innopares\",\"alternateName\":\"Innopares\",\"url\":\"https:\\\/\\\/innopares.es\\\/\",\"logo\":{\"@type\":\"ImageObject\",\"inLanguage\":\"en-GB\",\"@id\":\"https:\\\/\\\/innopares.es\\\/#\\\/schema\\\/logo\\\/image\\\/\",\"url\":\"https:\\\/\\\/innopares.es\\\/wp-content\\\/uploads\\\/2023\\\/01\\\/logoINNOPARES.svg\",\"contentUrl\":\"https:\\\/\\\/innopares.es\\\/wp-content\\\/uploads\\\/2023\\\/01\\\/logoINNOPARES.svg\",\"width\":375,\"height\":374,\"caption\":\"Innopares\"},\"image\":{\"@id\":\"https:\\\/\\\/innopares.es\\\/#\\\/schema\\\/logo\\\/image\\\/\"},\"sameAs\":[\"https:\\\/\\\/www.facebook.com\\\/profile.php?id=100089595585275\",\"https:\\\/\\\/www.instagram.com\\\/innopares_es\\\/\",\"https:\\\/\\\/www.linkedin.com\\\/company\\\/innopares\\\/\"]},{\"@type\":\"Person\",\"@id\":\"https:\\\/\\\/innopares.es\\\/#\\\/schema\\\/person\\\/305207ba88acc266b4c83801547117d5\",\"name\":\"Innopares\",\"image\":{\"@type\":\"ImageObject\",\"inLanguage\":\"en-GB\",\"@id\":\"https:\\\/\\\/secure.gravatar.com\\\/avatar\\\/e8286ca778ea4f9cc01aa305bcf65f72432e2dbddfaa340e7a569f7669ac523b?s=96&d=mm&r=g\",\"url\":\"https:\\\/\\\/secure.gravatar.com\\\/avatar\\\/e8286ca778ea4f9cc01aa305bcf65f72432e2dbddfaa340e7a569f7669ac523b?s=96&d=mm&r=g\",\"contentUrl\":\"https:\\\/\\\/secure.gravatar.com\\\/avatar\\\/e8286ca778ea4f9cc01aa305bcf65f72432e2dbddfaa340e7a569f7669ac523b?s=96&d=mm&r=g\",\"caption\":\"Innopares\"},\"sameAs\":[\"https:\\\/\\\/innopares.es\\\/\"],\"url\":\"https:\\\/\\\/innopares.es\\\/en\\\/author\\\/innopares\\\/\"}]}<\/script>\n<!-- \/ Yoast SEO plugin. -->","yoast_head_json":{"title":"\u00bfTe preocupa la inclusion en tu centro educativo? #Erasmusplus #2024 - Innopares","robots":{"index":"index","follow":"follow","max-snippet":"max-snippet:-1","max-image-preview":"max-image-preview:large","max-video-preview":"max-video-preview:-1"},"canonical":"https:\/\/innopares.es\/en\/te-preocupa-la-inclusion-en-tu-centro-educativo-erasmusplus-2024\/","og_locale":"en_GB","og_type":"article","og_title":"\u00bfTe preocupa la inclusion en tu centro educativo? #Erasmusplus #2024 - Innopares","og_description":"Como muy seguramente ya sep\u00e1is, Erasmus+ es el programa de la UE para apoyar la educaci\u00f3n, la formaci\u00f3n, la juventud ...","og_url":"https:\/\/innopares.es\/en\/te-preocupa-la-inclusion-en-tu-centro-educativo-erasmusplus-2024\/","og_site_name":"Innopares","article_publisher":"https:\/\/www.facebook.com\/profile.php?id=100089595585275","article_published_time":"2024-01-19T09:42:04+00:00","article_modified_time":"2024-01-26T09:31:07+00:00","og_image":[{"width":947,"height":528,"url":"https:\/\/innopares.es\/wp-content\/uploads\/2024\/01\/eiNCLUSION.png","type":"image\/png"}],"author":"Innopares","twitter_card":"summary_large_image","twitter_misc":{"Written by":"Innopares","Estimated reading time":"1 minute"},"schema":{"@context":"https:\/\/schema.org","@graph":[{"@type":"Article","@id":"https:\/\/innopares.es\/te-preocupa-la-inclusion-en-tu-centro-educativo-erasmusplus-2024\/#article","isPartOf":{"@id":"https:\/\/innopares.es\/te-preocupa-la-inclusion-en-tu-centro-educativo-erasmusplus-2024\/"},"author":{"name":"Innopares","@id":"https:\/\/innopares.es\/#\/schema\/person\/305207ba88acc266b4c83801547117d5"},"headline":"\u00bfTe preocupa la inclusion en tu centro educativo? #Erasmusplus #2024","datePublished":"2024-01-19T09:42:04+00:00","dateModified":"2024-01-26T09:31:07+00:00","mainEntityOfPage":{"@id":"https:\/\/innopares.es\/te-preocupa-la-inclusion-en-tu-centro-educativo-erasmusplus-2024\/"},"wordCount":125,"commentCount":0,"publisher":{"@id":"https:\/\/innopares.es\/#organization"},"image":{"@id":"https:\/\/innopares.es\/te-preocupa-la-inclusion-en-tu-centro-educativo-erasmusplus-2024\/#primaryimage"},"thumbnailUrl":"https:\/\/innopares.es\/wp-content\/uploads\/2024\/01\/eiNCLUSION.png","keywords":["2024","Erasmus+","inclusi\u00f3n"],"articleSection":["Blog"],"inLanguage":"en-GB","potentialAction":[{"@type":"CommentAction","name":"Comment","target":["https:\/\/innopares.es\/te-preocupa-la-inclusion-en-tu-centro-educativo-erasmusplus-2024\/#respond"]}]},{"@type":"WebPage","@id":"https:\/\/innopares.es\/te-preocupa-la-inclusion-en-tu-centro-educativo-erasmusplus-2024\/","url":"https:\/\/innopares.es\/te-preocupa-la-inclusion-en-tu-centro-educativo-erasmusplus-2024\/","name":"\u00bfTe preocupa la inclusion en tu centro educativo? #Erasmusplus #2024 - Innopares","isPartOf":{"@id":"https:\/\/innopares.es\/#website"},"primaryImageOfPage":{"@id":"https:\/\/innopares.es\/te-preocupa-la-inclusion-en-tu-centro-educativo-erasmusplus-2024\/#primaryimage"},"image":{"@id":"https:\/\/innopares.es\/te-preocupa-la-inclusion-en-tu-centro-educativo-erasmusplus-2024\/#primaryimage"},"thumbnailUrl":"https:\/\/innopares.es\/wp-content\/uploads\/2024\/01\/eiNCLUSION.png","datePublished":"2024-01-19T09:42:04+00:00","dateModified":"2024-01-26T09:31:07+00:00","breadcrumb":{"@id":"https:\/\/innopares.es\/te-preocupa-la-inclusion-en-tu-centro-educativo-erasmusplus-2024\/#breadcrumb"},"inLanguage":"en-GB","potentialAction":[{"@type":"ReadAction","target":["https:\/\/innopares.es\/te-preocupa-la-inclusion-en-tu-centro-educativo-erasmusplus-2024\/"]}]},{"@type":"ImageObject","inLanguage":"en-GB","@id":"https:\/\/innopares.es\/te-preocupa-la-inclusion-en-tu-centro-educativo-erasmusplus-2024\/#primaryimage","url":"https:\/\/innopares.es\/wp-content\/uploads\/2024\/01\/eiNCLUSION.png","contentUrl":"https:\/\/innopares.es\/wp-content\/uploads\/2024\/01\/eiNCLUSION.png","width":947,"height":528},{"@type":"BreadcrumbList","@id":"https:\/\/innopares.es\/te-preocupa-la-inclusion-en-tu-centro-educativo-erasmusplus-2024\/#breadcrumb","itemListElement":[{"@type":"ListItem","position":1,"name":"Portada","item":"https:\/\/innopares.es\/"},{"@type":"ListItem","position":2,"name":"\u00bfTe preocupa la inclusion en tu centro educativo? #Erasmusplus #2024"}]},{"@type":"WebSite","@id":"https:\/\/innopares.es\/#website","url":"https:\/\/innopares.es\/","name":"Innopares","description":"Gesti&oacute;n de proyectos de innovaci&oacute;n","publisher":{"@id":"https:\/\/innopares.es\/#organization"},"alternateName":"Innopares","potentialAction":[{"@type":"SearchAction","target":{"@type":"EntryPoint","urlTemplate":"https:\/\/innopares.es\/?s={search_term_string}"},"query-input":{"@type":"PropertyValueSpecification","valueRequired":true,"valueName":"search_term_string"}}],"inLanguage":"en-GB"},{"@type":"Organization","@id":"https:\/\/innopares.es\/#organization","name":"Innopares","alternateName":"Innopares","url":"https:\/\/innopares.es\/","logo":{"@type":"ImageObject","inLanguage":"en-GB","@id":"https:\/\/innopares.es\/#\/schema\/logo\/image\/","url":"https:\/\/innopares.es\/wp-content\/uploads\/2023\/01\/logoINNOPARES.svg","contentUrl":"https:\/\/innopares.es\/wp-content\/uploads\/2023\/01\/logoINNOPARES.svg","width":375,"height":374,"caption":"Innopares"},"image":{"@id":"https:\/\/innopares.es\/#\/schema\/logo\/image\/"},"sameAs":["https:\/\/www.facebook.com\/profile.php?id=100089595585275","https:\/\/www.instagram.com\/innopares_es\/","https:\/\/www.linkedin.com\/company\/innopares\/"]},{"@type":"Person","@id":"https:\/\/innopares.es\/#\/schema\/person\/305207ba88acc266b4c83801547117d5","name":"Innopares","image":{"@type":"ImageObject","inLanguage":"en-GB","@id":"https:\/\/secure.gravatar.com\/avatar\/e8286ca778ea4f9cc01aa305bcf65f72432e2dbddfaa340e7a569f7669ac523b?s=96&d=mm&r=g","url":"https:\/\/secure.gravatar.com\/avatar\/e8286ca778ea4f9cc01aa305bcf65f72432e2dbddfaa340e7a569f7669ac523b?s=96&d=mm&r=g","contentUrl":"https:\/\/secure.gravatar.com\/avatar\/e8286ca778ea4f9cc01aa305bcf65f72432e2dbddfaa340e7a569f7669ac523b?s=96&d=mm&r=g","caption":"Innopares"},"sameAs":["https:\/\/innopares.es\/"],"url":"https:\/\/innopares.es\/en\/author\/innopares\/"}]}},"_links":{"self":[{"href":"https:\/\/innopares.es\/en\/wp-json\/wp\/v2\/posts\/1189","targetHints":{"allow":["GET"]}}],"collection":[{"href":"https:\/\/innopares.es\/en\/wp-json\/wp\/v2\/posts"}],"about":[{"href":"https:\/\/innopares.es\/en\/wp-json\/wp\/v2\/types\/post"}],"author":[{"embeddable":true,"href":"https:\/\/innopares.es\/en\/wp-json\/wp\/v2\/users\/2"}],"replies":[{"embeddable":true,"href":"https:\/\/innopares.es\/en\/wp-json\/wp\/v2\/comments?post=1189"}],"version-history":[{"count":4,"href":"https:\/\/innopares.es\/en\/wp-json\/wp\/v2\/posts\/1189\/revisions"}],"predecessor-version":[{"id":1209,"href":"https:\/\/innopares.es\/en\/wp-json\/wp\/v2\/posts\/1189\/revisions\/1209"}],"wp:featuredmedia":[{"embeddable":true,"href":"https:\/\/innopares.es\/en\/wp-json\/wp\/v2\/media\/1190"}],"wp:attachment":[{"href":"https:\/\/innopares.es\/en\/wp-json\/wp\/v2\/media?parent=1189"}],"wp:term":[{"taxonomy":"category","embeddable":true,"href":"https:\/\/innopares.es\/en\/wp-json\/wp\/v2\/categories?post=1189"},{"taxonomy":"post_tag","embeddable":true,"href":"https:\/\/innopares.es\/en\/wp-json\/wp\/v2\/tags?post=1189"}],"curies":[{"name":"wp","href":"https:\/\/api.w.org\/{rel}","templated":true}]}}